{"id":3910,"date":"2023-03-17T19:46:46","date_gmt":"2023-03-17T18:46:46","guid":{"rendered":"https:\/\/wordpress.nibis.de\/gs-klint\/?p=3910"},"modified":"2023-04-13T09:10:30","modified_gmt":"2023-04-13T08:10:30","slug":"besuch-der-kultusministerin","status":"publish","type":"post","link":"https:\/\/wordpress.nibis.de\/gs-klint\/2023\/03\/17\/besuch-der-kultusministerin\/","title":{"rendered":"Besuch der Kultusministerin"},"content":{"rendered":"<p>Anfang M\u00e4rz 2023 folgte unsere Kultusministerin Frau Hamburg der Einladung des Sch\u00fclerparlaments der Grundschule Klint und besuchte unsere Schule.<\/p>\n<p>Dabei stellte sie sich den Fragen der Sch\u00fclerInnen, wobei zahlreiche Ideen weitergegeben und ebenso viele Anregungen seitens der Ministerin entgegengenommen wurden.<\/p>\n<p>Vielen Dank Frau Hamburg f\u00fcr Ihren Besuch!<\/p>\n<p><img loading=\"lazy\" decoding=\"async\" class=\"alignnone wp-image-3915 \" src=\"https:\/\/wordpress.nibis.de\/gs-klint\/files\/2023_03_02_Ministerin_Hamburg_Besuch_GS_Klint_1-1-Copy-300x200.jpg\" alt=\"\" width=\"324\" height=\"216\" \/><em><br \/>\nDas Foto wurde freundlicherweise von der<br \/>\nBraunschweiger Zeitung zur Verf\u00fcgung gestellt<\/em><\/p>\n<p><strong><a href=\"https:\/\/wordpress.nibis.de\/gs-klint\/files\/Schuelerkommentare-Besuch-KM.pdf\" target=\"_blank\" rel=\"noopener\">Sch\u00fclerkommentare zum Besuch der Kultusministerin<\/a><\/strong><\/p>\n","protected":false},"excerpt":{"rendered":"<p>Anfang M\u00e4rz 2023 folgte unsere Kultusministerin Frau Hamburg der Einladung des Sch\u00fclerparlaments der Grundschule Klint und besuchte unsere Schule. Dabei stellte sie sich den Fragen der Sch\u00fclerInnen, wobei zahlreiche Ideen weitergegeben und ebenso viele Anregungen seitens der Ministerin entgegengenommen wurden. Vielen Dank Frau Hamburg f\u00fcr Ihren Besuch! Das Foto wurde freundlicherweise von der Braunschweiger Zeitung &hellip; <a href=\"https:\/\/wordpress.nibis.de\/gs-klint\/2023\/03\/17\/besuch-der-kultusministerin\/\" class=\"more-link\"><span class=\"screen-reader-text\">Besuch der Kultusministerin<\/span> weiterlesen <span class=\"meta-nav\">&rarr;<\/span><\/a><\/p>\n","protected":false},"author":9192438,"featured_media":0,"comment_status":"closed","ping_status":"closed","sticky":false,"template":"","format":"standard","meta":{"footnotes":""},"categories":[1],"tags":[],"class_list":["post-3910","post","type-post","status-publish","format-standard","hentry","category-allgemein"],"_links":{"self":[{"href":"https:\/\/wordpress.nibis.de\/gs-klint\/wp-json\/wp\/v2\/posts\/3910","targetHints":{"allow":["GET"]}}],"collection":[{"href":"https:\/\/wordpress.nibis.de\/gs-klint\/wp-json\/wp\/v2\/posts"}],"about":[{"href":"https:\/\/wordpress.nibis.de\/gs-klint\/wp-json\/wp\/v2\/types\/post"}],"author":[{"embeddable":true,"href":"https:\/\/wordpress.nibis.de\/gs-klint\/wp-json\/wp\/v2\/users\/9192438"}],"replies":[{"embeddable":true,"href":"https:\/\/wordpress.nibis.de\/gs-klint\/wp-json\/wp\/v2\/comments?post=3910"}],"version-history":[{"count":10,"href":"https:\/\/wordpress.nibis.de\/gs-klint\/wp-json\/wp\/v2\/posts\/3910\/revisions"}],"predecessor-version":[{"id":3943,"href":"https:\/\/wordpress.nibis.de\/gs-klint\/wp-json\/wp\/v2\/posts\/3910\/revisions\/3943"}],"wp:attachment":[{"href":"https:\/\/wordpress.nibis.de\/gs-klint\/wp-json\/wp\/v2\/media?parent=3910"}],"wp:term":[{"taxonomy":"category","embeddable":true,"href":"https:\/\/wordpress.nibis.de\/gs-klint\/wp-json\/wp\/v2\/categories?post=3910"},{"taxonomy":"post_tag","embeddable":true,"href":"https:\/\/wordpress.nibis.de\/gs-klint\/wp-json\/wp\/v2\/tags?post=3910"}],"curies":[{"name":"wp","href":"https:\/\/api.w.org\/{rel}","templated":true}]}}