{"id":3926,"date":"2023-03-23T13:17:00","date_gmt":"2023-03-23T12:17:00","guid":{"rendered":"https:\/\/wordpress.nibis.de\/gs-klint\/?p=3926"},"modified":"2023-03-23T13:17:00","modified_gmt":"2023-03-23T12:17:00","slug":"tischtennis-minimeisterschaften-2","status":"publish","type":"post","link":"https:\/\/wordpress.nibis.de\/gs-klint\/2023\/03\/23\/tischtennis-minimeisterschaften-2\/","title":{"rendered":"Tischtennis Minimeisterschaften"},"content":{"rendered":"<p>Tischtennis Klintis spielten sehr erfolgreich beim Regionsentscheid der Tischtennis Minimeisterschaften in R\u00fcningen am 20.03.2023:<\/p>\n<p>Jungen JG 12\/13<br \/>\n1. Jonas Ebeling (4b)<\/p>\n<p>Jungen JG 14 u j\u00fc<br \/>\n2. Maximilian (3c)<br \/>\n3. Gustav (3c)<\/p>\n<p>M\u00e4dchen JG 12\/13<br \/>\n2. Reyna (4c)<\/p>\n<p>M\u00e4dchen JG 14 u j\u00fc<br \/>\n1. Lina (3b)<br \/>\n2. Brynn (3c)<\/p>\n<p>Herzlichen Gl\u00fcckwunsch und viel Erfolg beim Bezirksentscheid der TT-Minimeisterschaften nach den Osterferien.<\/p>\n","protected":false},"excerpt":{"rendered":"<p>Tischtennis Klintis spielten sehr erfolgreich beim Regionsentscheid der Tischtennis Minimeisterschaften in R\u00fcningen am 20.03.2023: Jungen JG 12\/13 1. Jonas Ebeling (4b) Jungen JG 14 u j\u00fc 2. Maximilian (3c) 3. Gustav (3c) M\u00e4dchen JG 12\/13 2. Reyna (4c) M\u00e4dchen JG 14 u j\u00fc 1. Lina (3b) 2. Brynn (3c) Herzlichen Gl\u00fcckwunsch und viel Erfolg beim &hellip; <a href=\"https:\/\/wordpress.nibis.de\/gs-klint\/2023\/03\/23\/tischtennis-minimeisterschaften-2\/\" class=\"more-link\"><span class=\"screen-reader-text\">Tischtennis Minimeisterschaften<\/span> weiterlesen <span class=\"meta-nav\">&rarr;<\/span><\/a><\/p>\n","protected":false},"author":9192438,"featured_media":0,"comment_status":"closed","ping_status":"closed","sticky":false,"template":"","format":"standard","meta":{"footnotes":""},"categories":[1],"tags":[],"class_list":["post-3926","post","type-post","status-publish","format-standard","hentry","category-allgemein"],"_links":{"self":[{"href":"https:\/\/wordpress.nibis.de\/gs-klint\/wp-json\/wp\/v2\/posts\/3926","targetHints":{"allow":["GET"]}}],"collection":[{"href":"https:\/\/wordpress.nibis.de\/gs-klint\/wp-json\/wp\/v2\/posts"}],"about":[{"href":"https:\/\/wordpress.nibis.de\/gs-klint\/wp-json\/wp\/v2\/types\/post"}],"author":[{"embeddable":true,"href":"https:\/\/wordpress.nibis.de\/gs-klint\/wp-json\/wp\/v2\/users\/9192438"}],"replies":[{"embeddable":true,"href":"https:\/\/wordpress.nibis.de\/gs-klint\/wp-json\/wp\/v2\/comments?post=3926"}],"version-history":[{"count":2,"href":"https:\/\/wordpress.nibis.de\/gs-klint\/wp-json\/wp\/v2\/posts\/3926\/revisions"}],"predecessor-version":[{"id":3928,"href":"https:\/\/wordpress.nibis.de\/gs-klint\/wp-json\/wp\/v2\/posts\/3926\/revisions\/3928"}],"wp:attachment":[{"href":"https:\/\/wordpress.nibis.de\/gs-klint\/wp-json\/wp\/v2\/media?parent=3926"}],"wp:term":[{"taxonomy":"category","embeddable":true,"href":"https:\/\/wordpress.nibis.de\/gs-klint\/wp-json\/wp\/v2\/categories?post=3926"},{"taxonomy":"post_tag","embeddable":true,"href":"https:\/\/wordpress.nibis.de\/gs-klint\/wp-json\/wp\/v2\/tags?post=3926"}],"curies":[{"name":"wp","href":"https:\/\/api.w.org\/{rel}","templated":true}]}}