{"id":4312,"date":"2024-08-23T12:10:55","date_gmt":"2024-08-23T11:10:55","guid":{"rendered":"https:\/\/wordpress.nibis.de\/gs-klint\/?p=4312"},"modified":"2024-08-25T19:21:53","modified_gmt":"2024-08-25T18:21:53","slug":"umwelt-und-schulgartentag-am-12-06-2024","status":"publish","type":"post","link":"https:\/\/wordpress.nibis.de\/gs-klint\/2024\/08\/23\/umwelt-und-schulgartentag-am-12-06-2024\/","title":{"rendered":"\u201cUmwelt- und Schulgartentag\u201c am 12.06.2024"},"content":{"rendered":"<p>Auch im vierten Jahr unserer offenen Nachmittagsveranstaltung erschienen zahlreiche G\u00e4ste: Eltern, Gro\u00dfeltern, Ehrenamtliche der GS Klint, eingeladene G\u00e4ste aus Politik, Verwaltung, Bildung und Kirche.<\/p>\n<p>Eindrucksvoll er\u00f6ffnet wurde unser diesj\u00e4hriger \u201cUmwelt- und Schulgartentag\u201c musikalisch mit den Liedern \u201eUnsere Mutter Erde\u201c und \u201eUnser Kreis, der sei offen\u201c.<\/p>\n<p>Der Schwerpunkt in diesem Jahr lag auf Mitmachaktionen, die sich insbesondere auf unsere Schulhoftiere und Schulhofpfanzen bezogen.<\/p>\n<p>Jeder Jahrgang hatte f\u00fcr seine Mitmachaktion einen Stand mit Materialien und informativen Plakaten vorbereitet. Die Jungen und M\u00e4dchen begleiteten ihre G\u00e4ste mit viel \u201cKnowhow\u201c beim Herstellen von \u201cInsekten-Lehm-Hotels\u201c, \u201cOhrenkriecher-Schlafpl\u00e4tzen\u201c, \u201cKr\u00e4utersalz\/Lavendelzucker\u201c und \u201cSamenkugeln\u201c. Gegen eine kleine Spende konnte das entstandene Produkt erworben werden.<\/p>\n<p>Unsere versierten \u201cSchulgartenpaten\u201c gaben ihren G\u00e4sten eine F\u00fchrung durch den im Schulhof integrierten \u201cSchulgarten\u201c. Ein Schwerpunkt war das Thema \u201cBionik\u201c, eindrucksvoll pr\u00e4sentiert anhand der Mohnkapsel (Salzstreuer) und dem Frauenmantel (Lotuseffekt).<\/p>\n<p>Weitere aktuelle und umweltrelevante Themen \u201cE-Waste-Race\u201c, \u201cWie wir die Welt retten\u201c, \u201cWie komme ich zur Grundschule?\u201c, \u201cRaumfreundliche Zimmerpflanzen\u201c, \u201cVom Ei zum Schmetterling\u201c wurden den \u00fcber 300 G\u00e4sten eindrucksvoll durch vielseitige Informationen in Form von Ausstellungen und \u00a0Plakaten pr\u00e4sentiert und gaben Anlass zu vielen wertvollen Gespr\u00e4chen zwischen \u201cJung und Alt\u201c.<\/p>\n<p>Dem Schulverein der Grundschule Klint gilt gro\u00dfer Dank, der mit \u201cEiswagen\u201c und \u201cInterkulturellem Buffet\u201c f\u00fcr das leibliche Wohl der vielen G\u00e4ste sorgte.<\/p>\n<div id='gallery-1' class='gallery galleryid-4312 gallery-columns-2 gallery-size-full'><figure class='gallery-item'>\n\t\t\t<div class='gallery-icon landscape'>\n\t\t\t\t<a href='https:\/\/wordpress.nibis.de\/gs-klint\/files\/IMG_20240807_180051_resized_20240807_060659678.jpg'><img loading=\"lazy\" decoding=\"async\" width=\"1024\" height=\"1024\" src=\"https:\/\/wordpress.nibis.de\/gs-klint\/files\/IMG_20240807_180051_resized_20240807_060659678.jpg\" class=\"attachment-full size-full\" alt=\"\" srcset=\"https:\/\/wordpress.nibis.de\/gs-klint\/files\/IMG_20240807_180051_resized_20240807_060659678.jpg 1024w, https:\/\/wordpress.nibis.de\/gs-klint\/files\/IMG_20240807_180051_resized_20240807_060659678-768x768.jpg 768w\" sizes=\"auto, (max-width: 1024px) 100vw, 1024px\" \/><\/a>\n\t\t\t<\/div><\/figure><figure class='gallery-item'>\n\t\t\t<div class='gallery-icon portrait'>\n\t\t\t\t<a href='https:\/\/wordpress.nibis.de\/gs-klint\/files\/IMG_20240807_180258_resized_20240807_060625872.jpg'><img loading=\"lazy\" decoding=\"async\" width=\"1024\" height=\"1280\" src=\"https:\/\/wordpress.nibis.de\/gs-klint\/files\/IMG_20240807_180258_resized_20240807_060625872.jpg\" class=\"attachment-full size-full\" alt=\"\" srcset=\"https:\/\/wordpress.nibis.de\/gs-klint\/files\/IMG_20240807_180258_resized_20240807_060625872.jpg 1024w, https:\/\/wordpress.nibis.de\/gs-klint\/files\/IMG_20240807_180258_resized_20240807_060625872-768x960.jpg 768w\" sizes=\"auto, (max-width: 1024px) 100vw, 1024px\" \/><\/a>\n\t\t\t<\/div><\/figure>\n\t\t<\/div>\n\n","protected":false},"excerpt":{"rendered":"<p>Auch im vierten Jahr unserer offenen Nachmittagsveranstaltung erschienen zahlreiche G\u00e4ste: Eltern, Gro\u00dfeltern, Ehrenamtliche der GS Klint, eingeladene G\u00e4ste aus Politik, Verwaltung, Bildung und Kirche. Eindrucksvoll er\u00f6ffnet wurde unser diesj\u00e4hriger \u201cUmwelt- und Schulgartentag\u201c musikalisch mit den Liedern \u201eUnsere Mutter Erde\u201c und \u201eUnser Kreis, der sei offen\u201c. Der Schwerpunkt in diesem Jahr lag auf Mitmachaktionen, die sich &hellip; <a href=\"https:\/\/wordpress.nibis.de\/gs-klint\/2024\/08\/23\/umwelt-und-schulgartentag-am-12-06-2024\/\" class=\"more-link\"><span class=\"screen-reader-text\">\u201cUmwelt- und Schulgartentag\u201c am 12.06.2024<\/span> weiterlesen <span class=\"meta-nav\">&rarr;<\/span><\/a><\/p>\n","protected":false},"author":9192438,"featured_media":0,"comment_status":"closed","ping_status":"closed","sticky":false,"template":"","format":"standard","meta":{"footnotes":""},"categories":[1],"tags":[],"class_list":["post-4312","post","type-post","status-publish","format-standard","hentry","category-allgemein"],"_links":{"self":[{"href":"https:\/\/wordpress.nibis.de\/gs-klint\/wp-json\/wp\/v2\/posts\/4312","targetHints":{"allow":["GET"]}}],"collection":[{"href":"https:\/\/wordpress.nibis.de\/gs-klint\/wp-json\/wp\/v2\/posts"}],"about":[{"href":"https:\/\/wordpress.nibis.de\/gs-klint\/wp-json\/wp\/v2\/types\/post"}],"author":[{"embeddable":true,"href":"https:\/\/wordpress.nibis.de\/gs-klint\/wp-json\/wp\/v2\/users\/9192438"}],"replies":[{"embeddable":true,"href":"https:\/\/wordpress.nibis.de\/gs-klint\/wp-json\/wp\/v2\/comments?post=4312"}],"version-history":[{"count":5,"href":"https:\/\/wordpress.nibis.de\/gs-klint\/wp-json\/wp\/v2\/posts\/4312\/revisions"}],"predecessor-version":[{"id":4316,"href":"https:\/\/wordpress.nibis.de\/gs-klint\/wp-json\/wp\/v2\/posts\/4312\/revisions\/4316"}],"wp:attachment":[{"href":"https:\/\/wordpress.nibis.de\/gs-klint\/wp-json\/wp\/v2\/media?parent=4312"}],"wp:term":[{"taxonomy":"category","embeddable":true,"href":"https:\/\/wordpress.nibis.de\/gs-klint\/wp-json\/wp\/v2\/categories?post=4312"},{"taxonomy":"post_tag","embeddable":true,"href":"https:\/\/wordpress.nibis.de\/gs-klint\/wp-json\/wp\/v2\/tags?post=4312"}],"curies":[{"name":"wp","href":"https:\/\/api.w.org\/{rel}","templated":true}]}}