{"id":1183,"date":"2024-03-23T10:30:19","date_gmt":"2024-03-23T09:30:19","guid":{"rendered":"https:\/\/wordpress.nibis.de\/gs-ro-schwi\/?p=1183"},"modified":"2026-03-08T11:00:57","modified_gmt":"2026-03-08T10:00:57","slug":"lesefoerderung-lesen-macht-stark","status":"publish","type":"post","link":"https:\/\/wordpress.nibis.de\/gs-ro-schwi\/2024\/03\/23\/lesefoerderung-lesen-macht-stark\/","title":{"rendered":"Lesen"},"content":{"rendered":"\n<p>Das Lesen ist die Grundkompetenz der Grundschule. An unserer Schule f\u00f6rdern und fordern wir die Lesekompetenz in vielf\u00e4ltiger Weise. <\/p>\n\n\n\n<p>In jedem Klassenraum stehen altersgerechte B\u00fccher zum Selberlesen. Ebenso steht die schuleigene B\u00fccherei allen Klassen zur Verf\u00fcgung. F\u00fcr verbleibende Zeit in der Hausaufgabenbetreuung hat jedes Kind ein eigenes Buch zum Lesen in der Schultasche.<\/p>\n\n\n\n<p>Wir bieten im Wahlpflichtunterricht am Vormittag und im Rahmen unserer Ganztagsangebote viele Angebote zur F\u00f6rderung der Lesekompetenz. <\/p>\n\n\n\n<p>Unser Kooperationspartner &#8222;Stadtb\u00fccherei Peine&#8220; unterst\u00fctzt uns mit Angeboten vom Kennenlernen der Stadtb\u00fccherei, der kostenlosen Ausgabe von Leseausweisen bis hin zum Angebot von Bilderbuchkinos und Lesungen.<\/p>\n\n\n\n<p>Aktionen zum &#8222;Tag des Vorlesens&#8220; und die Ausrichtung des schuleigenen Vorlesewettbewerbs begeistern unsere Sch\u00fcler*innen ebenso, wie j\u00e4hrlich stattfindende Autor*innenlesungen im Rahmen der Jugendbuchwoche an unserer Schule.<\/p>\n\n\n\n<p>Im Unterricht begleiten uns ab der ersten Klasse t\u00e4gliche und vielf\u00e4ltige Lese\u00fcbungen und -methoden. Seit dem Schuljahr 2024\/ 2025 nehmen wir am Projekt &#8222;Lesen macht stark&#8220; teil.<\/p>\n\n\n\n<h2 class=\"wp-block-heading\">Lesen macht stark<\/h2>\n\n\n\n<p>Die Grundschule Rosenthal-Schwicheldt hat sich f\u00fcr das Programm &#8222;Lesen macht stark&#8220; beworben. Das Programm ist kostenfrei. Eine Lehrkraft und eine F\u00f6rderschullehrkraft unserer Schule werden sich berufsbegleitend fortbilden lassen. Aufsteigend ab der ersten Klasse soll das zus\u00e4tzliche Lesetraining zuk\u00fcnftig f\u00fcr alle Klassen eingesetzt werden. Unsere Bewerbung war erfolgreich und wir starten mit dem Programm erstmalig im Schuljahr 2024\/ 2025.<\/p>\n\n\n\n<p>&#8222;Lesen macht stark&#8220; ist ein Instrument zur Diagnostik des Schriftspracherwerbs in Klasse 1 und 2 und der Lese- und Schreibkompetenzen in Klasse 3 und 4. Zu festgelegten und \u00fcber das Schuljahr verteilten Meilensteinen werden im Klassen- sowie ggf. im Einzelkontext verschiedene Kompetenzen in den Bereichen Schrift lesen\/ Schrift schreiben und Texte verstehen\/ Texte schreiben der Sch\u00fclerinnen und Sch\u00fcler erfasst, so dass Schwierigkeiten fr\u00fch entdeckt werden k\u00f6nnen. Basierend auf den diagnostischen Erkenntnissen kann eine individuelle F\u00f6rderung abgeleitet werden. Das begleitende \u201eLehrerheft\u201c beinhaltet eine Vielzahl von F\u00f6rderideen. Die Materialien dienen zudem der Dokumentation der Lernentwicklung f\u00fcr die Eltern- und F\u00f6rderplanarbeit.<\/p>\n\n\n\n<p>Mehr Infos finden sich auf: <a href=\"https:\/\/bildungsportal-niedersachsen.de\/sib\/lesefoerderung\/lesen-macht-stark-niedersachsen\/lesen-macht-stark-im-primarbereich\" target=\"_blank\" rel=\"noreferrer noopener\">Lesen macht stark<\/a><\/p>\n\n\n\n<h2 class=\"wp-block-heading\">Vorlesewettbewerb<\/h2>\n\n\n\n<p>edes Jahr im Fr\u00fchling stellen Leserinnen und Leser unserer Schule Ihr K\u00f6nnen unter Beweis!<\/p>\n\n\n\n<p>Eine Jury, bestehend aus Lehrkr\u00e4ften und Erziehungsberechtigten, vergibt erste und zweite Pl\u00e4tze f\u00fcr Leseleistungen in den dritten und vierten Klassen. Im Rahmen einer Schulversammlung werden die Siegerinnen und Sieger geehrt und erhalten eine kleine \u00dcberraschung!<\/p>\n\n\n\n<h2 class=\"wp-block-heading\">Vorlesetag<\/h2>\n\n\n\n<p><\/p>\n\n\n\n<h2 class=\"wp-block-heading\">Jugendbuchwoche<\/h2>\n\n\n\n<p><\/p>\n","protected":false},"excerpt":{"rendered":"<p>Das Lesen ist die Grundkompetenz der Grundschule. An unserer Schule f\u00f6rdern und fordern wir die Lesekompetenz in vielf\u00e4ltiger Weise. In jedem Klassenraum stehen altersgerechte B\u00fccher zum Selberlesen. Ebenso steht die schuleigene B\u00fccherei allen Klassen zur Verf\u00fcgung. F\u00fcr verbleibende Zeit in der Hausaufgabenbetreuung hat jedes Kind ein eigenes Buch zum Lesen in der Schultasche. Wir bieten &hellip; <a href=\"https:\/\/wordpress.nibis.de\/gs-ro-schwi\/2024\/03\/23\/lesefoerderung-lesen-macht-stark\/\" class=\"more-link\">Weiterlesen <span class=\"screen-reader-text\">Lesen<\/span><\/a><\/p>\n","protected":false},"author":9194354,"featured_media":0,"comment_status":"closed","ping_status":"closed","sticky":false,"template":"","format":"standard","meta":{"footnotes":""},"categories":[1],"tags":[],"class_list":["post-1183","post","type-post","status-publish","format-standard","hentry","category-allgemein","without-featured-image"],"_links":{"self":[{"href":"https:\/\/wordpress.nibis.de\/gs-ro-schwi\/wp-json\/wp\/v2\/posts\/1183","targetHints":{"allow":["GET"]}}],"collection":[{"href":"https:\/\/wordpress.nibis.de\/gs-ro-schwi\/wp-json\/wp\/v2\/posts"}],"about":[{"href":"https:\/\/wordpress.nibis.de\/gs-ro-schwi\/wp-json\/wp\/v2\/types\/post"}],"author":[{"embeddable":true,"href":"https:\/\/wordpress.nibis.de\/gs-ro-schwi\/wp-json\/wp\/v2\/users\/9194354"}],"replies":[{"embeddable":true,"href":"https:\/\/wordpress.nibis.de\/gs-ro-schwi\/wp-json\/wp\/v2\/comments?post=1183"}],"version-history":[{"count":6,"href":"https:\/\/wordpress.nibis.de\/gs-ro-schwi\/wp-json\/wp\/v2\/posts\/1183\/revisions"}],"predecessor-version":[{"id":2391,"href":"https:\/\/wordpress.nibis.de\/gs-ro-schwi\/wp-json\/wp\/v2\/posts\/1183\/revisions\/2391"}],"wp:attachment":[{"href":"https:\/\/wordpress.nibis.de\/gs-ro-schwi\/wp-json\/wp\/v2\/media?parent=1183"}],"wp:term":[{"taxonomy":"category","embeddable":true,"href":"https:\/\/wordpress.nibis.de\/gs-ro-schwi\/wp-json\/wp\/v2\/categories?post=1183"},{"taxonomy":"post_tag","embeddable":true,"href":"https:\/\/wordpress.nibis.de\/gs-ro-schwi\/wp-json\/wp\/v2\/tags?post=1183"}],"curies":[{"name":"wp","href":"https:\/\/api.w.org\/{rel}","templated":true}]}}