{"id":1959,"date":"2024-04-25T16:39:17","date_gmt":"2024-04-25T14:39:17","guid":{"rendered":"https:\/\/wordpress.nibis.de\/gs-ro-schwi\/?p=1959"},"modified":"2026-03-15T14:08:33","modified_gmt":"2026-03-15T13:08:33","slug":"schule","status":"publish","type":"post","link":"https:\/\/wordpress.nibis.de\/gs-ro-schwi\/2024\/04\/25\/schule\/","title":{"rendered":"Unsere Schule"},"content":{"rendered":"\n<p><\/p>\n\n\n\n<figure class=\"wp-block-gallery has-nested-images columns-default is-cropped wp-block-gallery-1 is-layout-flex wp-block-gallery-is-layout-flex\">\n<figure class=\"wp-block-image size-large\"><img loading=\"lazy\" decoding=\"async\" width=\"2560\" height=\"1707\" data-id=\"2149\" src=\"https:\/\/wordpress.nibis.de\/gs-ro-schwi\/files\/2024\/08\/IMG_9315-1-scaled.jpg\" alt=\"\" class=\"wp-image-2149\" srcset=\"https:\/\/wordpress.nibis.de\/gs-ro-schwi\/files\/2024\/08\/IMG_9315-1-scaled.jpg 2560w, https:\/\/wordpress.nibis.de\/gs-ro-schwi\/files\/2024\/08\/IMG_9315-1-768x512.jpg 768w, https:\/\/wordpress.nibis.de\/gs-ro-schwi\/files\/2024\/08\/IMG_9315-1-1536x1024.jpg 1536w, https:\/\/wordpress.nibis.de\/gs-ro-schwi\/files\/2024\/08\/IMG_9315-1-2048x1365.jpg 2048w, https:\/\/wordpress.nibis.de\/gs-ro-schwi\/files\/2024\/08\/IMG_9315-1-570x380.jpg 570w\" sizes=\"auto, (max-width: 2560px) 100vw, 2560px\" \/><\/figure>\n<\/figure>\n\n\n\n<p><\/p>\n\n\n\n<p>Die Grundschule Rosenthal-Schwicheldt liegt im S\u00fcdwesten im Landkreis Peine.<br>Unsere Grundschule wird von etwa 200 Sch\u00fclerinnen und Sch\u00fclern aus den Ortsteilen Rosenthal, Schwicheldt, Hofschwicheldt, Berkum, Mehrum und Equord besucht.<br>Die Schule ist seit 2017 eine offene Ganztagsschule. In der Zeit von 07.55 Uhr bis 12.55 Uhr bieten wir eine verl\u00e4ssliche Unterrichts- und Betreuungszeit f\u00fcr alle Kinder an. Dar\u00fcber hinaus besteht die M\u00f6glichkeit, die Kinder von Montag bis Donnerstag f\u00fcr den Ganztag bis um 15.30 Uhr anzumelden.<\/p>\n\n\n\n<p>Unsere modern ausgestattete Schule bietet zehn sch\u00f6ne Klassenr\u00e4ume, sieben Gruppenr\u00e4ume, einen Musikraum, einen Werkraum, eine Sporthalle, eine Schulsportanlage, einen Schulhof mit Spielger\u00e4ten, eine Pausenhalle, eine B\u00fccherei f\u00fcr Sch\u00fclerinnen und Sch\u00fcler, eine K\u00fcche in der Mensa, eine Mensa, ein Lehrerzimmer mit Bibliothek und f\u00fcr die Verwaltung ein Sekretariat, ein Schulleitungsb\u00fcro, ein Konrektor*innenb\u00fcro, ein B\u00fcro f\u00fcr die Schulsozialarbeit und ein Hausmeisterb\u00fcro.<\/p>\n\n\n\n<p>Alle Klassenr\u00e4ume sind mit digitalen Tafeln ausgestattet. <br>F\u00fcr die Sch\u00fcler*innen stehen Laptops und Ipads f\u00fcr die Unterrichtsarbeit zur Verf\u00fcgung.<\/p>\n","protected":false},"excerpt":{"rendered":"<p>Die Grundschule Rosenthal-Schwicheldt liegt im S\u00fcdwesten im Landkreis Peine.Unsere Grundschule wird von etwa 200 Sch\u00fclerinnen und Sch\u00fclern aus den Ortsteilen Rosenthal, Schwicheldt, Hofschwicheldt, Berkum, Mehrum und Equord besucht.Die Schule ist seit 2017 eine offene Ganztagsschule. In der Zeit von 07.55 Uhr bis 12.55 Uhr bieten wir eine verl\u00e4ssliche Unterrichts- und Betreuungszeit f\u00fcr alle Kinder an. &hellip; <a href=\"https:\/\/wordpress.nibis.de\/gs-ro-schwi\/2024\/04\/25\/schule\/\" class=\"more-link\">Weiterlesen <span class=\"screen-reader-text\">Unsere Schule<\/span><\/a><\/p>\n","protected":false},"author":9194354,"featured_media":0,"comment_status":"closed","ping_status":"closed","sticky":false,"template":"","format":"standard","meta":{"footnotes":""},"categories":[1],"tags":[],"class_list":["post-1959","post","type-post","status-publish","format-standard","hentry","category-allgemein","without-featured-image"],"_links":{"self":[{"href":"https:\/\/wordpress.nibis.de\/gs-ro-schwi\/wp-json\/wp\/v2\/posts\/1959","targetHints":{"allow":["GET"]}}],"collection":[{"href":"https:\/\/wordpress.nibis.de\/gs-ro-schwi\/wp-json\/wp\/v2\/posts"}],"about":[{"href":"https:\/\/wordpress.nibis.de\/gs-ro-schwi\/wp-json\/wp\/v2\/types\/post"}],"author":[{"embeddable":true,"href":"https:\/\/wordpress.nibis.de\/gs-ro-schwi\/wp-json\/wp\/v2\/users\/9194354"}],"replies":[{"embeddable":true,"href":"https:\/\/wordpress.nibis.de\/gs-ro-schwi\/wp-json\/wp\/v2\/comments?post=1959"}],"version-history":[{"count":7,"href":"https:\/\/wordpress.nibis.de\/gs-ro-schwi\/wp-json\/wp\/v2\/posts\/1959\/revisions"}],"predecessor-version":[{"id":2461,"href":"https:\/\/wordpress.nibis.de\/gs-ro-schwi\/wp-json\/wp\/v2\/posts\/1959\/revisions\/2461"}],"wp:attachment":[{"href":"https:\/\/wordpress.nibis.de\/gs-ro-schwi\/wp-json\/wp\/v2\/media?parent=1959"}],"wp:term":[{"taxonomy":"category","embeddable":true,"href":"https:\/\/wordpress.nibis.de\/gs-ro-schwi\/wp-json\/wp\/v2\/categories?post=1959"},{"taxonomy":"post_tag","embeddable":true,"href":"https:\/\/wordpress.nibis.de\/gs-ro-schwi\/wp-json\/wp\/v2\/tags?post=1959"}],"curies":[{"name":"wp","href":"https:\/\/api.w.org\/{rel}","templated":true}]}}