{"id":2584,"date":"2020-04-18T13:48:33","date_gmt":"2020-04-18T11:48:33","guid":{"rendered":"https:\/\/wordpress.nibis.de\/gsamlindhof\/?p=2584"},"modified":"2020-04-18T16:26:25","modified_gmt":"2020-04-18T14:26:25","slug":"aktuelle-informationen-der-schulleitung","status":"publish","type":"post","link":"https:\/\/wordpress.nibis.de\/gsamlindhof\/aktuelle-informationen-der-schulleitung\/","title":{"rendered":"Aktuelle Informationen der Schulleitung"},"content":{"rendered":"<p>Sehr geehrte Eltern,<\/p>\n<p>wie Sie sicherlich bereits erfahren haben, konnte der Unterricht noch nicht direkt nach den Osterferien starten. Daher werden die Lehrkr\u00e4fte der Grundschule Am Lindhof Ihnen ab dem 22.4.2020, wie es dem Leitfaden unten zu entnehmen ist, regelm\u00e4\u00dfig<strong> verpflichtendes Lernmaterial f\u00fcr das Lernen zu Hause<\/strong> zukommen lassen.<\/p>\n<p>Weitere Informationen zur stufenweisen \u00d6ffnung des Schulbetriebs ab dem 4.5.2020 erhalten Sie in den n\u00e4chsten Wochen direkt \u00fcber die Schulleitung.<\/p>\n<p>Bis dahin bitten wir Sie noch um etwas Geduld und darum, den unten verlinkten Leitfaden zu lesen.<\/p>\n<p>Mit freundlichen Gr\u00fc\u00dfen<\/p>\n<p>T. Lehmann (komm. Rektorin) &amp; M. Hakkel (komm. Konrektor)<\/p>\n","protected":false},"excerpt":{"rendered":"<p>Sehr geehrte Eltern, wie Sie sicherlich bereits erfahren haben, konnte der Unterricht noch nicht direkt nach den Osterferien starten. Daher werden die Lehrkr\u00e4fte der Grundschule Am Lindhof Ihnen ab dem 22.4.2020, wie es dem Leitfaden unten zu entnehmen ist, regelm\u00e4\u00dfig &hellip; <a href=\"https:\/\/wordpress.nibis.de\/gsamlindhof\/aktuelle-informationen-der-schulleitung\/\">Weiterlesen <span class=\"meta-nav\">&rarr;<\/span><\/a><\/p>\n","protected":false},"author":1436,"featured_media":0,"comment_status":"closed","ping_status":"closed","sticky":false,"template":"","format":"standard","meta":{"footnotes":""},"categories":[1],"tags":[],"class_list":["post-2584","post","type-post","status-publish","format-standard","hentry","category-allgemein"],"_links":{"self":[{"href":"https:\/\/wordpress.nibis.de\/gsamlindhof\/wp-json\/wp\/v2\/posts\/2584","targetHints":{"allow":["GET"]}}],"collection":[{"href":"https:\/\/wordpress.nibis.de\/gsamlindhof\/wp-json\/wp\/v2\/posts"}],"about":[{"href":"https:\/\/wordpress.nibis.de\/gsamlindhof\/wp-json\/wp\/v2\/types\/post"}],"author":[{"embeddable":true,"href":"https:\/\/wordpress.nibis.de\/gsamlindhof\/wp-json\/wp\/v2\/users\/1436"}],"replies":[{"embeddable":true,"href":"https:\/\/wordpress.nibis.de\/gsamlindhof\/wp-json\/wp\/v2\/comments?post=2584"}],"version-history":[{"count":4,"href":"https:\/\/wordpress.nibis.de\/gsamlindhof\/wp-json\/wp\/v2\/posts\/2584\/revisions"}],"predecessor-version":[{"id":2588,"href":"https:\/\/wordpress.nibis.de\/gsamlindhof\/wp-json\/wp\/v2\/posts\/2584\/revisions\/2588"}],"wp:attachment":[{"href":"https:\/\/wordpress.nibis.de\/gsamlindhof\/wp-json\/wp\/v2\/media?parent=2584"}],"wp:term":[{"taxonomy":"category","embeddable":true,"href":"https:\/\/wordpress.nibis.de\/gsamlindhof\/wp-json\/wp\/v2\/categories?post=2584"},{"taxonomy":"post_tag","embeddable":true,"href":"https:\/\/wordpress.nibis.de\/gsamlindhof\/wp-json\/wp\/v2\/tags?post=2584"}],"curies":[{"name":"wp","href":"https:\/\/api.w.org\/{rel}","templated":true}]}}