{"id":3321,"date":"2021-05-03T12:45:32","date_gmt":"2021-05-03T10:45:32","guid":{"rendered":"https:\/\/wordpress.nibis.de\/gsamlindhof\/?p=3321"},"modified":"2021-05-03T12:45:32","modified_gmt":"2021-05-03T10:45:32","slug":"notbremse-nicht-fuer-die-grundschule","status":"publish","type":"post","link":"https:\/\/wordpress.nibis.de\/gsamlindhof\/notbremse-nicht-fuer-die-grundschule\/","title":{"rendered":"Notbremse NICHT f\u00fcr die Grundschule"},"content":{"rendered":"<div>\n<p>Sehr geehrte Erziehungsberechtigte,<\/p>\n<p>ab Mittwoch, dem <b>05.05.2021<\/b> greift im Landkreis Diepholz aufgrund der 7-Tage-Inzidenz eine Allgemeinverf\u00fcgung, dass alle Schulen in Szenario C wechseln. <b>Dies gilt NICHT f\u00fcr die Grundschule!<\/b> Bei uns bleibt zun\u00e4chst alle beim Alten \u201e<b>Szenario B<\/b>\u201c!<br \/>\nABER wir wurden aufgefordert Ihnen mitzuteilen, dass ab <b>Mittwoch eine FFP2-Maske<\/b> bei der <b>Benutzung<\/b> der <b>Sch\u00fclerbef\u00f6rderungsbusse<\/b> getragen werden muss:<\/p>\n<p><em>\u201e Bitte vermitteln Sie den im Szenario B verbleibenden Fahrsch\u00fclerinnen und -sch\u00fclern, dass sie nunmehr in Bussen und Bahnen sowie in der Sch\u00fclerbef\u00f6rderung stets eine FFP2-Maske (oder vergleichbar, d.h. KN95 der N95) tragen m\u00fcssen. Die sog. OP-Maske reicht in Hochinzidenzkommunen nicht mehr aus. Sofern FFP2-Masken nicht in Kindergr\u00f6\u00dfe erh\u00e4ltlich sind, kann hilfsweise die Erwachsenengr\u00f6\u00dfe verwendet werden.\u201c\u00a0<\/em><\/p>\n<\/div>\n","protected":false},"excerpt":{"rendered":"<p>Sehr geehrte Erziehungsberechtigte, ab Mittwoch, dem 05.05.2021 greift im Landkreis Diepholz aufgrund der 7-Tage-Inzidenz eine Allgemeinverf\u00fcgung, dass alle Schulen in Szenario C wechseln. Dies gilt NICHT f\u00fcr die Grundschule! Bei uns bleibt zun\u00e4chst alle beim Alten \u201eSzenario B\u201c! ABER wir &hellip; <a href=\"https:\/\/wordpress.nibis.de\/gsamlindhof\/notbremse-nicht-fuer-die-grundschule\/\">Weiterlesen <span class=\"meta-nav\">&rarr;<\/span><\/a><\/p>\n","protected":false},"author":1436,"featured_media":0,"comment_status":"open","ping_status":"closed","sticky":false,"template":"","format":"standard","meta":{"footnotes":""},"categories":[1],"tags":[],"class_list":["post-3321","post","type-post","status-publish","format-standard","hentry","category-allgemein"],"_links":{"self":[{"href":"https:\/\/wordpress.nibis.de\/gsamlindhof\/wp-json\/wp\/v2\/posts\/3321","targetHints":{"allow":["GET"]}}],"collection":[{"href":"https:\/\/wordpress.nibis.de\/gsamlindhof\/wp-json\/wp\/v2\/posts"}],"about":[{"href":"https:\/\/wordpress.nibis.de\/gsamlindhof\/wp-json\/wp\/v2\/types\/post"}],"author":[{"embeddable":true,"href":"https:\/\/wordpress.nibis.de\/gsamlindhof\/wp-json\/wp\/v2\/users\/1436"}],"replies":[{"embeddable":true,"href":"https:\/\/wordpress.nibis.de\/gsamlindhof\/wp-json\/wp\/v2\/comments?post=3321"}],"version-history":[{"count":1,"href":"https:\/\/wordpress.nibis.de\/gsamlindhof\/wp-json\/wp\/v2\/posts\/3321\/revisions"}],"predecessor-version":[{"id":3322,"href":"https:\/\/wordpress.nibis.de\/gsamlindhof\/wp-json\/wp\/v2\/posts\/3321\/revisions\/3322"}],"wp:attachment":[{"href":"https:\/\/wordpress.nibis.de\/gsamlindhof\/wp-json\/wp\/v2\/media?parent=3321"}],"wp:term":[{"taxonomy":"category","embeddable":true,"href":"https:\/\/wordpress.nibis.de\/gsamlindhof\/wp-json\/wp\/v2\/categories?post=3321"},{"taxonomy":"post_tag","embeddable":true,"href":"https:\/\/wordpress.nibis.de\/gsamlindhof\/wp-json\/wp\/v2\/tags?post=3321"}],"curies":[{"name":"wp","href":"https:\/\/api.w.org\/{rel}","templated":true}]}}