{"id":3329,"date":"2021-06-01T16:58:00","date_gmt":"2021-06-01T14:58:00","guid":{"rendered":"https:\/\/wordpress.nibis.de\/gsamlindhof\/?p=3329"},"modified":"2021-06-01T17:55:19","modified_gmt":"2021-06-01T15:55:19","slug":"wechsel-in-szenario-a-ganze-klassen-taeglich","status":"publish","type":"post","link":"https:\/\/wordpress.nibis.de\/gsamlindhof\/wechsel-in-szenario-a-ganze-klassen-taeglich\/","title":{"rendered":"Wechsel in Szenario A (ganze Klassen t\u00e4glich)"},"content":{"rendered":"<p>Liebe Eltern,<\/p>\n<p>wie der Landkreis Diepholz heute in einer Allgemeinverf\u00fcgung erkl\u00e4rt hat, liegt der Inzidenzwert 5 Tage in Folge unter 50. Somit k\u00f6nnte ab morgen wieder normaler Unterrichtsbetrieb stattfinden. Aus schulorganisatorischen Gr\u00fcnden werden die Grundschulen in Syke erst ab <strong>Montag, den 07.06.21<\/strong>, im <strong>Szenario A<\/strong> starten. F\u00fcr die ersten 14 Tage ist kein Ganztagsangebot vorgesehen. Wir bieten eine verl\u00e4ngerte Notbetreuung bis 14.30 Uhr (Montag-Donnerstag) an. Es gelten die bekannten Gr\u00fcnde und Vorgehensweisen f\u00fcr die Inanspruchnahme. Es wird kein Mittagessen in der Notbetreuung angeboten.<\/p>\n<p>Wir bitten um Ihr Verst\u00e4ndnis und freuen uns auf ein bisschen &#8222;Normalit\u00e4t&#8220; &#8211; hoffentlich &#8211; bis zum Schuljahresende.<\/p>\n<p>Sonnige Gr\u00fc\u00dfe,<\/p>\n<p>Ihre Schulleitung der Grundschule Am Lindhof<\/p>\n","protected":false},"excerpt":{"rendered":"<p>Liebe Eltern, wie der Landkreis Diepholz heute in einer Allgemeinverf\u00fcgung erkl\u00e4rt hat, liegt der Inzidenzwert 5 Tage in Folge unter 50. Somit k\u00f6nnte ab morgen wieder normaler Unterrichtsbetrieb stattfinden. Aus schulorganisatorischen Gr\u00fcnden werden die Grundschulen in Syke erst ab Montag, &hellip; <a href=\"https:\/\/wordpress.nibis.de\/gsamlindhof\/wechsel-in-szenario-a-ganze-klassen-taeglich\/\">Weiterlesen <span class=\"meta-nav\">&rarr;<\/span><\/a><\/p>\n","protected":false},"author":1436,"featured_media":0,"comment_status":"open","ping_status":"closed","sticky":false,"template":"","format":"standard","meta":{"footnotes":""},"categories":[1],"tags":[],"class_list":["post-3329","post","type-post","status-publish","format-standard","hentry","category-allgemein"],"_links":{"self":[{"href":"https:\/\/wordpress.nibis.de\/gsamlindhof\/wp-json\/wp\/v2\/posts\/3329","targetHints":{"allow":["GET"]}}],"collection":[{"href":"https:\/\/wordpress.nibis.de\/gsamlindhof\/wp-json\/wp\/v2\/posts"}],"about":[{"href":"https:\/\/wordpress.nibis.de\/gsamlindhof\/wp-json\/wp\/v2\/types\/post"}],"author":[{"embeddable":true,"href":"https:\/\/wordpress.nibis.de\/gsamlindhof\/wp-json\/wp\/v2\/users\/1436"}],"replies":[{"embeddable":true,"href":"https:\/\/wordpress.nibis.de\/gsamlindhof\/wp-json\/wp\/v2\/comments?post=3329"}],"version-history":[{"count":4,"href":"https:\/\/wordpress.nibis.de\/gsamlindhof\/wp-json\/wp\/v2\/posts\/3329\/revisions"}],"predecessor-version":[{"id":3333,"href":"https:\/\/wordpress.nibis.de\/gsamlindhof\/wp-json\/wp\/v2\/posts\/3329\/revisions\/3333"}],"wp:attachment":[{"href":"https:\/\/wordpress.nibis.de\/gsamlindhof\/wp-json\/wp\/v2\/media?parent=3329"}],"wp:term":[{"taxonomy":"category","embeddable":true,"href":"https:\/\/wordpress.nibis.de\/gsamlindhof\/wp-json\/wp\/v2\/categories?post=3329"},{"taxonomy":"post_tag","embeddable":true,"href":"https:\/\/wordpress.nibis.de\/gsamlindhof\/wp-json\/wp\/v2\/tags?post=3329"}],"curies":[{"name":"wp","href":"https:\/\/api.w.org\/{rel}","templated":true}]}}