{"id":3415,"date":"2021-09-01T17:45:36","date_gmt":"2021-09-01T15:45:36","guid":{"rendered":"https:\/\/wordpress.nibis.de\/gsamlindhof\/?p=3415"},"modified":"2021-09-01T17:46:13","modified_gmt":"2021-09-01T15:46:13","slug":"neue-briefe-des-kultusministers-informationen","status":"publish","type":"post","link":"https:\/\/wordpress.nibis.de\/gsamlindhof\/neue-briefe-des-kultusministers-informationen\/","title":{"rendered":"Neue Briefe des Kultusministers\/ Informationen"},"content":{"rendered":"<p>Liebe Eltern und Sch\u00fclerInnen der Grundschule Am Lindhof,<\/p>\n<p>in der Tabelle unten finden Sie die aktuellen Briefe des Kultusministers:<\/p>\n<table style=\"border-collapse: collapse;width: 100%;height: 55px\">\n<tbody>\n<tr style=\"height: 18px\">\n<td style=\"width: 50%;height: 18px\">Brief an Sch\u00fcler<\/td>\n<td style=\"width: 50%;height: 18px\"><a style=\"color: #c91640\" href=\"https:\/\/wordpress.nibis.de\/gsamlindhof\/files\/2021\/09\/2021-09-01_Brief_an_SuS_GS_F_S.pdf\">2021-09-01_Brief_an_SuS_GS_F_S<\/a><\/td>\n<\/tr>\n<tr style=\"height: 18px\">\n<td style=\"width: 50%;height: 18px\">Brief an Eltern (gek\u00fcrzt)<\/td>\n<td style=\"width: 50%;height: 18px\"><a style=\"color: #c91640\" href=\"https:\/\/wordpress.nibis.de\/gsamlindhof\/files\/2021\/09\/2021-09-01_Brief_an_Eltern_gek_rzt.pdf\">2021-09-01_Brief_an_Eltern_gek_rzt<\/a><\/td>\n<\/tr>\n<tr style=\"height: 19px\">\n<td style=\"width: 50%;height: 19px\">Brief an Eltern<\/td>\n<td style=\"width: 50%;height: 19px\"><a style=\"color: #c91640\" href=\"https:\/\/wordpress.nibis.de\/gsamlindhof\/files\/2021\/09\/2021-09-01_Brief_an_Eltern.pdf\">2021-09-01_Brief_an_Eltern<\/a><\/td>\n<\/tr>\n<\/tbody>\n<\/table>\n<p>&nbsp;<\/p>\n<h2><strong>Wichtige Information:<\/strong><\/h2>\n<h2><span style=\"color: #ff0000\">F\u00fcr die Einschulungsfeier gilt nach den neusten Vorgaben auch die 3G-Regel!<\/span><\/h2>\n<p>Die 3G-Regel bedeutet f\u00fcr Erziehungsberechtigte: Wer nicht vollst\u00e4ndig geimpft ist oder nicht als genesen gilt, muss entweder einen Antigen-Schnelltest (maximal 24 Stunden alt) oder einen PCR-Test (maximal 48 Stunden alt) vorlegen.<\/p>\n<p><strong>F\u00fcr die Einschulungskinder sind die ausgeh\u00e4ndigten Laien-Selbsttests ausreichend!<\/strong><\/p>\n","protected":false},"excerpt":{"rendered":"<p>Liebe Eltern und Sch\u00fclerInnen der Grundschule Am Lindhof, in der Tabelle unten finden Sie die aktuellen Briefe des Kultusministers: Brief an Sch\u00fcler 2021-09-01_Brief_an_SuS_GS_F_S Brief an Eltern (gek\u00fcrzt) 2021-09-01_Brief_an_Eltern_gek_rzt Brief an Eltern 2021-09-01_Brief_an_Eltern &nbsp; Wichtige Information: F\u00fcr die Einschulungsfeier gilt nach &hellip; <a href=\"https:\/\/wordpress.nibis.de\/gsamlindhof\/neue-briefe-des-kultusministers-informationen\/\">Weiterlesen <span class=\"meta-nav\">&rarr;<\/span><\/a><\/p>\n","protected":false},"author":1436,"featured_media":0,"comment_status":"closed","ping_status":"closed","sticky":false,"template":"","format":"standard","meta":{"footnotes":""},"categories":[1],"tags":[],"class_list":["post-3415","post","type-post","status-publish","format-standard","hentry","category-allgemein"],"_links":{"self":[{"href":"https:\/\/wordpress.nibis.de\/gsamlindhof\/wp-json\/wp\/v2\/posts\/3415","targetHints":{"allow":["GET"]}}],"collection":[{"href":"https:\/\/wordpress.nibis.de\/gsamlindhof\/wp-json\/wp\/v2\/posts"}],"about":[{"href":"https:\/\/wordpress.nibis.de\/gsamlindhof\/wp-json\/wp\/v2\/types\/post"}],"author":[{"embeddable":true,"href":"https:\/\/wordpress.nibis.de\/gsamlindhof\/wp-json\/wp\/v2\/users\/1436"}],"replies":[{"embeddable":true,"href":"https:\/\/wordpress.nibis.de\/gsamlindhof\/wp-json\/wp\/v2\/comments?post=3415"}],"version-history":[{"count":3,"href":"https:\/\/wordpress.nibis.de\/gsamlindhof\/wp-json\/wp\/v2\/posts\/3415\/revisions"}],"predecessor-version":[{"id":3422,"href":"https:\/\/wordpress.nibis.de\/gsamlindhof\/wp-json\/wp\/v2\/posts\/3415\/revisions\/3422"}],"wp:attachment":[{"href":"https:\/\/wordpress.nibis.de\/gsamlindhof\/wp-json\/wp\/v2\/media?parent=3415"}],"wp:term":[{"taxonomy":"category","embeddable":true,"href":"https:\/\/wordpress.nibis.de\/gsamlindhof\/wp-json\/wp\/v2\/categories?post=3415"},{"taxonomy":"post_tag","embeddable":true,"href":"https:\/\/wordpress.nibis.de\/gsamlindhof\/wp-json\/wp\/v2\/tags?post=3415"}],"curies":[{"name":"wp","href":"https:\/\/api.w.org\/{rel}","templated":true}]}}