{"id":3472,"date":"2021-11-30T01:17:54","date_gmt":"2021-11-30T00:17:54","guid":{"rendered":"https:\/\/wordpress.nibis.de\/gsamlindhof\/?p=3472"},"modified":"2021-11-30T01:17:54","modified_gmt":"2021-11-30T00:17:54","slug":"adventskalender","status":"publish","type":"post","link":"https:\/\/wordpress.nibis.de\/gsamlindhof\/adventskalender\/","title":{"rendered":"Adventskalender"},"content":{"rendered":"<p>Auch dieses Jahr haben wir wieder einen Adventskalender. Die Klassen der Grundschule Am Lindhof waren sehr flei\u00dfig und haben viele sch\u00f6ne Beitr\u00e4ge produziert. Aber mehr verraten wir lieber nicht!<\/p>\n<p>Na?! Haben wir Sie neugierig gemacht? Dann fehlt jetzt nur noch ein Klick auf das Bild! Viel Spa\u00df! \ud83d\ude42<br \/>\n<a href=\"https:\/\/tuerchen.com\/50a835c7\"><img loading=\"lazy\" decoding=\"async\" class=\"aligncenter wp-image-3027 size-full\" src=\"https:\/\/wordpress.nibis.de\/gsamlindhof\/files\/2020\/11\/Baum.png\" alt=\"\" width=\"155\" height=\"207\" \/><\/a><\/p>\n","protected":false},"excerpt":{"rendered":"<p>Auch dieses Jahr haben wir wieder einen Adventskalender. Die Klassen der Grundschule Am Lindhof waren sehr flei\u00dfig und haben viele sch\u00f6ne Beitr\u00e4ge produziert. Aber mehr verraten wir lieber nicht! Na?! Haben wir Sie neugierig gemacht? Dann fehlt jetzt nur noch &hellip; <a href=\"https:\/\/wordpress.nibis.de\/gsamlindhof\/adventskalender\/\">Weiterlesen <span class=\"meta-nav\">&rarr;<\/span><\/a><\/p>\n","protected":false},"author":1436,"featured_media":0,"comment_status":"closed","ping_status":"closed","sticky":false,"template":"","format":"standard","meta":{"footnotes":""},"categories":[1],"tags":[],"class_list":["post-3472","post","type-post","status-publish","format-standard","hentry","category-allgemein"],"_links":{"self":[{"href":"https:\/\/wordpress.nibis.de\/gsamlindhof\/wp-json\/wp\/v2\/posts\/3472","targetHints":{"allow":["GET"]}}],"collection":[{"href":"https:\/\/wordpress.nibis.de\/gsamlindhof\/wp-json\/wp\/v2\/posts"}],"about":[{"href":"https:\/\/wordpress.nibis.de\/gsamlindhof\/wp-json\/wp\/v2\/types\/post"}],"author":[{"embeddable":true,"href":"https:\/\/wordpress.nibis.de\/gsamlindhof\/wp-json\/wp\/v2\/users\/1436"}],"replies":[{"embeddable":true,"href":"https:\/\/wordpress.nibis.de\/gsamlindhof\/wp-json\/wp\/v2\/comments?post=3472"}],"version-history":[{"count":1,"href":"https:\/\/wordpress.nibis.de\/gsamlindhof\/wp-json\/wp\/v2\/posts\/3472\/revisions"}],"predecessor-version":[{"id":3473,"href":"https:\/\/wordpress.nibis.de\/gsamlindhof\/wp-json\/wp\/v2\/posts\/3472\/revisions\/3473"}],"wp:attachment":[{"href":"https:\/\/wordpress.nibis.de\/gsamlindhof\/wp-json\/wp\/v2\/media?parent=3472"}],"wp:term":[{"taxonomy":"category","embeddable":true,"href":"https:\/\/wordpress.nibis.de\/gsamlindhof\/wp-json\/wp\/v2\/categories?post=3472"},{"taxonomy":"post_tag","embeddable":true,"href":"https:\/\/wordpress.nibis.de\/gsamlindhof\/wp-json\/wp\/v2\/tags?post=3472"}],"curies":[{"name":"wp","href":"https:\/\/api.w.org\/{rel}","templated":true}]}}