{"id":3542,"date":"2022-01-14T13:38:27","date_gmt":"2022-01-14T12:38:27","guid":{"rendered":"https:\/\/wordpress.nibis.de\/gsamlindhof\/?p=3542"},"modified":"2022-01-14T13:46:23","modified_gmt":"2022-01-14T12:46:23","slug":"ag-wahl-fuer-die-ganztagsschule","status":"publish","type":"post","link":"https:\/\/wordpress.nibis.de\/gsamlindhof\/ag-wahl-fuer-die-ganztagsschule\/","title":{"rendered":"AG-Wahl f\u00fcr die Ganztagsschule"},"content":{"rendered":"<h1><span style=\"color: #ff0000\">Info:<\/span><\/h1>\n<h3>Heute um 17Uhr startet die Ganztags-AG-Wahl <span style=\"text-decoration: underline\">f\u00fcr den 3. und 4. Jahrgang<\/span>.<\/h3>\n<h3>Sie w\u00e4hlen hierzu die AGs \u00fcber den folgenden Link:<\/h3>\n<h1><a href=\"https:\/\/grundschule-syke.ganztagsschule24.de\/\">AG-Wahl<\/a><\/h1>\n<h3>Die Zugangsdaten haben Ihre Kinder in der Schule bekommen!<\/h3>\n<h3>Eine Vorstellung aller AGs finden Sie hier:<\/h3>\n<h1><a href=\"https:\/\/wordpress.nibis.de\/gsamlindhof\/files\/2022\/01\/Ganztagsangebote14.1.22.pdf\">AG-Vorstellung<\/a><\/h1>\n<p><a href=\"https:\/\/wordpress.nibis.de\/gsamlindhof\/files\/2022\/01\/wahlen.png\"><img loading=\"lazy\" decoding=\"async\" class=\"aligncenter wp-image-3545\" src=\"https:\/\/wordpress.nibis.de\/gsamlindhof\/files\/2022\/01\/wahlen.png\" alt=\"\" width=\"244\" height=\"219\" \/><\/a><\/p>\n<p>&nbsp;<\/p>\n","protected":false},"excerpt":{"rendered":"<p>Info: Heute um 17Uhr startet die Ganztags-AG-Wahl f\u00fcr den 3. und 4. Jahrgang. Sie w\u00e4hlen hierzu die AGs \u00fcber den folgenden Link: AG-Wahl Die Zugangsdaten haben Ihre Kinder in der Schule bekommen! Eine Vorstellung aller AGs finden Sie hier: AG-Vorstellung &hellip; <a href=\"https:\/\/wordpress.nibis.de\/gsamlindhof\/ag-wahl-fuer-die-ganztagsschule\/\">Weiterlesen <span class=\"meta-nav\">&rarr;<\/span><\/a><\/p>\n","protected":false},"author":1436,"featured_media":0,"comment_status":"closed","ping_status":"closed","sticky":false,"template":"","format":"standard","meta":{"footnotes":""},"categories":[1],"tags":[],"class_list":["post-3542","post","type-post","status-publish","format-standard","hentry","category-allgemein"],"_links":{"self":[{"href":"https:\/\/wordpress.nibis.de\/gsamlindhof\/wp-json\/wp\/v2\/posts\/3542","targetHints":{"allow":["GET"]}}],"collection":[{"href":"https:\/\/wordpress.nibis.de\/gsamlindhof\/wp-json\/wp\/v2\/posts"}],"about":[{"href":"https:\/\/wordpress.nibis.de\/gsamlindhof\/wp-json\/wp\/v2\/types\/post"}],"author":[{"embeddable":true,"href":"https:\/\/wordpress.nibis.de\/gsamlindhof\/wp-json\/wp\/v2\/users\/1436"}],"replies":[{"embeddable":true,"href":"https:\/\/wordpress.nibis.de\/gsamlindhof\/wp-json\/wp\/v2\/comments?post=3542"}],"version-history":[{"count":4,"href":"https:\/\/wordpress.nibis.de\/gsamlindhof\/wp-json\/wp\/v2\/posts\/3542\/revisions"}],"predecessor-version":[{"id":3547,"href":"https:\/\/wordpress.nibis.de\/gsamlindhof\/wp-json\/wp\/v2\/posts\/3542\/revisions\/3547"}],"wp:attachment":[{"href":"https:\/\/wordpress.nibis.de\/gsamlindhof\/wp-json\/wp\/v2\/media?parent=3542"}],"wp:term":[{"taxonomy":"category","embeddable":true,"href":"https:\/\/wordpress.nibis.de\/gsamlindhof\/wp-json\/wp\/v2\/categories?post=3542"},{"taxonomy":"post_tag","embeddable":true,"href":"https:\/\/wordpress.nibis.de\/gsamlindhof\/wp-json\/wp\/v2\/tags?post=3542"}],"curies":[{"name":"wp","href":"https:\/\/api.w.org\/{rel}","templated":true}]}}