{"id":3583,"date":"2022-03-29T15:20:45","date_gmt":"2022-03-29T13:20:45","guid":{"rendered":"https:\/\/wordpress.nibis.de\/gsamlindhof\/?p=3583"},"modified":"2022-03-29T15:20:45","modified_gmt":"2022-03-29T13:20:45","slug":"monsieur-momo-zu-besuch-im-lindhof","status":"publish","type":"post","link":"https:\/\/wordpress.nibis.de\/gsamlindhof\/monsieur-momo-zu-besuch-im-lindhof\/","title":{"rendered":"Monsieur Momo zu Besuch im Lindhof"},"content":{"rendered":"<h3>Heute war der Clown und Komiker &#8222;Monsieur Momo&#8220; bei uns in der Grundschule und hat die Jahrg\u00e4nge verzaubert. Es waren vier gro\u00dfartige Vorstellungen, \u00fcber die die Kinder bestimmt noch Tage erz\u00e4hlen werden!<\/h3>\n<h2><strong>Der Lindhof sagt: &#8222;Danke Momo!&#8220;<\/strong><\/h2>\n<p><a href=\"https:\/\/monsieur-momo.de\/\">(siehe auch: Monsieur Momo &#8211; Clown und Komiker &#8211; Magisch &#8211; Emotional (monsieur-momo.de))<\/a><\/p>\n<p><img loading=\"lazy\" decoding=\"async\" class=\"alignnone wp-image-3584 size-full\" src=\"https:\/\/wordpress.nibis.de\/gsamlindhof\/files\/2022\/03\/collage-Momo-e1648559922962.jpg\" alt=\"\" width=\"800\" height=\"600\" \/><\/p>\n<p>&nbsp;<\/p>\n","protected":false},"excerpt":{"rendered":"<p>Heute war der Clown und Komiker &#8222;Monsieur Momo&#8220; bei uns in der Grundschule und hat die Jahrg\u00e4nge verzaubert. Es waren vier gro\u00dfartige Vorstellungen, \u00fcber die die Kinder bestimmt noch Tage erz\u00e4hlen werden! Der Lindhof sagt: &#8222;Danke Momo!&#8220; (siehe auch: Monsieur &hellip; <a href=\"https:\/\/wordpress.nibis.de\/gsamlindhof\/monsieur-momo-zu-besuch-im-lindhof\/\">Weiterlesen <span class=\"meta-nav\">&rarr;<\/span><\/a><\/p>\n","protected":false},"author":1436,"featured_media":0,"comment_status":"closed","ping_status":"closed","sticky":false,"template":"","format":"standard","meta":{"footnotes":""},"categories":[1],"tags":[],"class_list":["post-3583","post","type-post","status-publish","format-standard","hentry","category-allgemein"],"_links":{"self":[{"href":"https:\/\/wordpress.nibis.de\/gsamlindhof\/wp-json\/wp\/v2\/posts\/3583","targetHints":{"allow":["GET"]}}],"collection":[{"href":"https:\/\/wordpress.nibis.de\/gsamlindhof\/wp-json\/wp\/v2\/posts"}],"about":[{"href":"https:\/\/wordpress.nibis.de\/gsamlindhof\/wp-json\/wp\/v2\/types\/post"}],"author":[{"embeddable":true,"href":"https:\/\/wordpress.nibis.de\/gsamlindhof\/wp-json\/wp\/v2\/users\/1436"}],"replies":[{"embeddable":true,"href":"https:\/\/wordpress.nibis.de\/gsamlindhof\/wp-json\/wp\/v2\/comments?post=3583"}],"version-history":[{"count":4,"href":"https:\/\/wordpress.nibis.de\/gsamlindhof\/wp-json\/wp\/v2\/posts\/3583\/revisions"}],"predecessor-version":[{"id":3588,"href":"https:\/\/wordpress.nibis.de\/gsamlindhof\/wp-json\/wp\/v2\/posts\/3583\/revisions\/3588"}],"wp:attachment":[{"href":"https:\/\/wordpress.nibis.de\/gsamlindhof\/wp-json\/wp\/v2\/media?parent=3583"}],"wp:term":[{"taxonomy":"category","embeddable":true,"href":"https:\/\/wordpress.nibis.de\/gsamlindhof\/wp-json\/wp\/v2\/categories?post=3583"},{"taxonomy":"post_tag","embeddable":true,"href":"https:\/\/wordpress.nibis.de\/gsamlindhof\/wp-json\/wp\/v2\/tags?post=3583"}],"curies":[{"name":"wp","href":"https:\/\/api.w.org\/{rel}","templated":true}]}}