{"id":4113,"date":"2023-10-31T18:18:04","date_gmt":"2023-10-31T17:18:04","guid":{"rendered":"https:\/\/wordpress.nibis.de\/gsamlindhof\/?p=4113"},"modified":"2023-11-01T13:33:47","modified_gmt":"2023-11-01T12:33:47","slug":"buecherkoffer-niedersachsen","status":"publish","type":"post","link":"https:\/\/wordpress.nibis.de\/gsamlindhof\/buecherkoffer-niedersachsen\/","title":{"rendered":"B\u00fccherkoffer Niedersachsen"},"content":{"rendered":"<p><img loading=\"lazy\" decoding=\"async\" class=\"size-full wp-image-4114 aligncenter\" src=\"https:\/\/wordpress.nibis.de\/gsamlindhof\/files\/2023\/10\/Logo_Buecherkoffer.jpg\" alt=\"\" width=\"251\" height=\"252\" \/>Vor den Ferien sind in den ersten Jahrgang unserer Grundschule wieder die Lesekoffer eingezogen.<\/p>\n<p>Frau Graf vom Regionalen Landesamt f\u00fcr Schule und Bildung hat den Kindern der ersten Klassen den Koffer pers\u00f6nlich vorgestellt.<\/p>\n<p><em>&#8222;Der leuchtend blaue Koffer mit Kinderb\u00fcchern in bis zu 50 Sprachen rollt mittlerweile in 64 nieders\u00e4chsischen Grundschulen &#8211; vorzugsweise in Schulen mit vielen Sch\u00fclerinnen und Sch\u00fclern aus unterschiedlichen Herkunftsl\u00e4ndern &#8211; und f\u00f6rdert das Lesen und Vorlesen in den Familien. Die teilnehmenden Grundschulen werden von den Sprachbildungszentren der Regionalen Landes\u00e4mter f\u00fcr Schule und Bildung mit Blick auf die jeweilige kulturelle und soziale Heterogenit\u00e4t ausgew\u00e4hlt. Der B\u00fccherkoffer begleitet die Klassen \u00fcber die Dauer des ersten oder zweiten Schuljahres.<\/em><\/p>\n<p><em>Jede Woche nimmt ein Kind den knallblauen Koffer mit nach Hause, um in den mehrsprachigen, interkulturellen und inklusiven B\u00fcchern zu st\u00f6bern und zu lesen. Dabei spielt Beziehungs- und Elternarbeit eine wichtige Rolle: Zusatzangebote \u2013 ebenfalls mehrsprachig \u2013 unterst\u00fctzen Erziehungsberechtigte und Lehrkr\u00e4fte bei der Begleitung der Kinder.&#8220;<\/em> (<a href=\"https:\/\/bildungsportal-niedersachsen.de\/sib\/mehrsprachigkeit-interkulturalitaet\/buecherkoffer-niedersachsen\">B\u00fccherkoffer Niedersachsen: Portal Sprachbildung und Interkulturelle Bildung (bildungsportal-niedersachsen.de)<\/a><\/p>\n<p><img loading=\"lazy\" decoding=\"async\" class=\"alignnone wp-image-4116 size-full\" src=\"https:\/\/wordpress.nibis.de\/gsamlindhof\/files\/2023\/10\/20231011_101637-scaled-e1698772494420.jpg\" alt=\"\" width=\"1235\" height=\"940\" srcset=\"https:\/\/wordpress.nibis.de\/gsamlindhof\/files\/2023\/10\/20231011_101637-scaled-e1698772494420.jpg 1235w, https:\/\/wordpress.nibis.de\/gsamlindhof\/files\/2023\/10\/20231011_101637-scaled-e1698772494420-768x585.jpg 768w\" sizes=\"auto, (max-width: 1235px) 100vw, 1235px\" \/> <img loading=\"lazy\" decoding=\"async\" class=\"alignnone wp-image-4119 size-full\" src=\"https:\/\/wordpress.nibis.de\/gsamlindhof\/files\/2023\/10\/20231011_101604-scaled-e1698772571831.jpg\" alt=\"\" width=\"532\" height=\"377\" \/><\/p>\n<p><img loading=\"lazy\" decoding=\"async\" class=\"alignnone size-full wp-image-4117\" src=\"https:\/\/wordpress.nibis.de\/gsamlindhof\/files\/2023\/10\/20231011_101617-scaled-e1698772648525.jpg\" alt=\"\" width=\"1971\" height=\"1612\" srcset=\"https:\/\/wordpress.nibis.de\/gsamlindhof\/files\/2023\/10\/20231011_101617-scaled-e1698772648525.jpg 1971w, https:\/\/wordpress.nibis.de\/gsamlindhof\/files\/2023\/10\/20231011_101617-scaled-e1698772648525-768x628.jpg 768w, https:\/\/wordpress.nibis.de\/gsamlindhof\/files\/2023\/10\/20231011_101617-scaled-e1698772648525-1536x1256.jpg 1536w\" sizes=\"auto, (max-width: 1971px) 100vw, 1971px\" \/><\/p>\n","protected":false},"excerpt":{"rendered":"<p>Vor den Ferien sind in den ersten Jahrgang unserer Grundschule wieder die Lesekoffer eingezogen. Frau Graf vom Regionalen Landesamt f\u00fcr Schule und Bildung hat den Kindern der ersten Klassen den Koffer pers\u00f6nlich vorgestellt. &#8222;Der leuchtend blaue Koffer mit Kinderb\u00fcchern in &hellip; <a href=\"https:\/\/wordpress.nibis.de\/gsamlindhof\/buecherkoffer-niedersachsen\/\">Weiterlesen <span class=\"meta-nav\">&rarr;<\/span><\/a><\/p>\n","protected":false},"author":1436,"featured_media":0,"comment_status":"closed","ping_status":"closed","sticky":false,"template":"","format":"standard","meta":{"footnotes":""},"categories":[1],"tags":[],"class_list":["post-4113","post","type-post","status-publish","format-standard","hentry","category-allgemein"],"_links":{"self":[{"href":"https:\/\/wordpress.nibis.de\/gsamlindhof\/wp-json\/wp\/v2\/posts\/4113","targetHints":{"allow":["GET"]}}],"collection":[{"href":"https:\/\/wordpress.nibis.de\/gsamlindhof\/wp-json\/wp\/v2\/posts"}],"about":[{"href":"https:\/\/wordpress.nibis.de\/gsamlindhof\/wp-json\/wp\/v2\/types\/post"}],"author":[{"embeddable":true,"href":"https:\/\/wordpress.nibis.de\/gsamlindhof\/wp-json\/wp\/v2\/users\/1436"}],"replies":[{"embeddable":true,"href":"https:\/\/wordpress.nibis.de\/gsamlindhof\/wp-json\/wp\/v2\/comments?post=4113"}],"version-history":[{"count":5,"href":"https:\/\/wordpress.nibis.de\/gsamlindhof\/wp-json\/wp\/v2\/posts\/4113\/revisions"}],"predecessor-version":[{"id":4123,"href":"https:\/\/wordpress.nibis.de\/gsamlindhof\/wp-json\/wp\/v2\/posts\/4113\/revisions\/4123"}],"wp:attachment":[{"href":"https:\/\/wordpress.nibis.de\/gsamlindhof\/wp-json\/wp\/v2\/media?parent=4113"}],"wp:term":[{"taxonomy":"category","embeddable":true,"href":"https:\/\/wordpress.nibis.de\/gsamlindhof\/wp-json\/wp\/v2\/categories?post=4113"},{"taxonomy":"post_tag","embeddable":true,"href":"https:\/\/wordpress.nibis.de\/gsamlindhof\/wp-json\/wp\/v2\/tags?post=4113"}],"curies":[{"name":"wp","href":"https:\/\/api.w.org\/{rel}","templated":true}]}}