{"id":4146,"date":"2023-12-05T08:39:27","date_gmt":"2023-12-05T07:39:27","guid":{"rendered":"https:\/\/wordpress.nibis.de\/gsamlindhof\/?p=4146"},"modified":"2023-12-05T08:39:27","modified_gmt":"2023-12-05T07:39:27","slug":"ganztagsnotbetreuung-in-dieser-woche","status":"publish","type":"post","link":"https:\/\/wordpress.nibis.de\/gsamlindhof\/ganztagsnotbetreuung-in-dieser-woche\/","title":{"rendered":"Ganztagsnotbetreuung in dieser Woche"},"content":{"rendered":"<div>\n<div><strong>An alle Eltern der Ganztagskinder <\/strong><\/div>\n<div><\/div>\n<div>Liebe Elternschaft der Grundschule Am Lindhof,<\/div>\n<div>aufgrund von vielen Krankheitsf\u00e4llen m\u00fcssen wir den Ganztag diese Woche auf Notbetreuung umstellen. Bitte melden Sie sich bis morgen (Dienstag, 05.12.2023) 10.00 Uhr mit einer EMail ans Sekretariat, wenn Sie eine Betreuung f\u00fcr Ihr Kind bis 14.00 Uhr ben\u00f6tigen oder aber Ihr Kind f\u00fcr diese Woche nach Unterrichtsschluss abholen k\u00f6nnen.<\/div>\n<div>Dar\u00fcber hinaus findet nur wie gewohnt die erg\u00e4nzende Betreuung des Lindhofclubs statt.<\/div>\n<div><\/div>\n<div>Mit freundlichen Gr\u00fc\u00dfen<\/div>\n<div>Tina Lehmann und Marcel Hakkel<\/div>\n<\/div>\n","protected":false},"excerpt":{"rendered":"<p>An alle Eltern der Ganztagskinder Liebe Elternschaft der Grundschule Am Lindhof, aufgrund von vielen Krankheitsf\u00e4llen m\u00fcssen wir den Ganztag diese Woche auf Notbetreuung umstellen. Bitte melden Sie sich bis morgen (Dienstag, 05.12.2023) 10.00 Uhr mit einer EMail ans Sekretariat, wenn &hellip; <a href=\"https:\/\/wordpress.nibis.de\/gsamlindhof\/ganztagsnotbetreuung-in-dieser-woche\/\">Weiterlesen <span class=\"meta-nav\">&rarr;<\/span><\/a><\/p>\n","protected":false},"author":1436,"featured_media":0,"comment_status":"closed","ping_status":"closed","sticky":false,"template":"","format":"standard","meta":{"footnotes":""},"categories":[1],"tags":[],"class_list":["post-4146","post","type-post","status-publish","format-standard","hentry","category-allgemein"],"_links":{"self":[{"href":"https:\/\/wordpress.nibis.de\/gsamlindhof\/wp-json\/wp\/v2\/posts\/4146","targetHints":{"allow":["GET"]}}],"collection":[{"href":"https:\/\/wordpress.nibis.de\/gsamlindhof\/wp-json\/wp\/v2\/posts"}],"about":[{"href":"https:\/\/wordpress.nibis.de\/gsamlindhof\/wp-json\/wp\/v2\/types\/post"}],"author":[{"embeddable":true,"href":"https:\/\/wordpress.nibis.de\/gsamlindhof\/wp-json\/wp\/v2\/users\/1436"}],"replies":[{"embeddable":true,"href":"https:\/\/wordpress.nibis.de\/gsamlindhof\/wp-json\/wp\/v2\/comments?post=4146"}],"version-history":[{"count":1,"href":"https:\/\/wordpress.nibis.de\/gsamlindhof\/wp-json\/wp\/v2\/posts\/4146\/revisions"}],"predecessor-version":[{"id":4147,"href":"https:\/\/wordpress.nibis.de\/gsamlindhof\/wp-json\/wp\/v2\/posts\/4146\/revisions\/4147"}],"wp:attachment":[{"href":"https:\/\/wordpress.nibis.de\/gsamlindhof\/wp-json\/wp\/v2\/media?parent=4146"}],"wp:term":[{"taxonomy":"category","embeddable":true,"href":"https:\/\/wordpress.nibis.de\/gsamlindhof\/wp-json\/wp\/v2\/categories?post=4146"},{"taxonomy":"post_tag","embeddable":true,"href":"https:\/\/wordpress.nibis.de\/gsamlindhof\/wp-json\/wp\/v2\/tags?post=4146"}],"curies":[{"name":"wp","href":"https:\/\/api.w.org\/{rel}","templated":true}]}}