{"id":4438,"date":"2024-11-08T20:06:58","date_gmt":"2024-11-08T19:06:58","guid":{"rendered":"https:\/\/wordpress.nibis.de\/gsamlindhof\/?p=4438"},"modified":"2024-11-08T20:08:19","modified_gmt":"2024-11-08T19:08:19","slug":"schulausfall-am-kommenden-montag-und-dienstag","status":"publish","type":"post","link":"https:\/\/wordpress.nibis.de\/gsamlindhof\/schulausfall-am-kommenden-montag-und-dienstag\/","title":{"rendered":"Schulausfall am kommenden Montag und Dienstag"},"content":{"rendered":"<p><strong>Liebe Eltern und liebe Kinder der Grundschule Am Lindhof,<\/strong><\/p>\n<p>wie sicher auch schon in Ihren Familien angekommen ist, hat es heute am sp\u00e4ten Nachmittag in der Grundschule Am Lindhof einen Gro\u00dfeinsatz der Feuerwehr gegeben.<\/p>\n<p>Aufgrund der andauernden Bauma\u00dfnahmen am Dach ist es zu Rauchentwicklung gekommen. Diese konnte von der Feuerwehr gl\u00fccklicherweise schnell gestoppt werden. Allerdings ist das Geb\u00e4ude \u201everqualmt\u201c und einige Bereiche mussten gesperrt werden.<\/p>\n<p>Es handelt sich ausschlie\u00dflich um einen Sachschaden; Personen sind nicht verletzt worden.<\/p>\n<p>Dies f\u00fchrt dazu, dass unsere Schule am <strong>Montag, den 11.11.2024<\/strong> und auch am <strong>Dienstag, den 12.11.2024<\/strong> geschlossen bleiben muss.<\/p>\n<p>Eine NOTbetreuung bis l\u00e4ngstens 14.00 Uhr wird aufrechterhalten, aber wirklich nur NOTbetreuung! Bitte bedenken Sie den Grund der Schulschlie\u00dfung.<\/p>\n<p>Die NOTbetreuung melden Sie bitte bis Sonntagmittag 12.00 Uhr per Email bei <a href=\"&#x6d;&#x61;&#105;&#108;t&#x6f;&#x3a;&#x67;&#115;&#46;a&#x6d;&#x6c;&#105;&#110;d&#x68;&#x6f;&#x66;&#64;sy&#x6b;&#x65;&#46;&#100;e\">&#103;s&#x2e;a&#x6d;l&#x69;n&#x64;&#104;&#x6f;&#102;&#x40;&#115;&#x79;&#107;e&#46;d&#x65;<\/a> an. Nutzen Sie bitte ausschlie\u00dflich diesen Weg f\u00fcr einen reibungslosen verl\u00e4sslichen Ablauf!<\/p>\n<p>Mit freundlichen Gr\u00fc\u00dfen<\/p>\n<p>Tina Lehmann<\/p>\n","protected":false},"excerpt":{"rendered":"<p>Liebe Eltern und liebe Kinder der Grundschule Am Lindhof, wie sicher auch schon in Ihren Familien angekommen ist, hat es heute am sp\u00e4ten Nachmittag in der Grundschule Am Lindhof einen Gro\u00dfeinsatz der Feuerwehr gegeben. Aufgrund der andauernden Bauma\u00dfnahmen am Dach &hellip; <a href=\"https:\/\/wordpress.nibis.de\/gsamlindhof\/schulausfall-am-kommenden-montag-und-dienstag\/\">Weiterlesen <span class=\"meta-nav\">&rarr;<\/span><\/a><\/p>\n","protected":false},"author":1436,"featured_media":0,"comment_status":"closed","ping_status":"closed","sticky":false,"template":"","format":"standard","meta":{"footnotes":""},"categories":[1],"tags":[],"class_list":["post-4438","post","type-post","status-publish","format-standard","hentry","category-allgemein"],"_links":{"self":[{"href":"https:\/\/wordpress.nibis.de\/gsamlindhof\/wp-json\/wp\/v2\/posts\/4438","targetHints":{"allow":["GET"]}}],"collection":[{"href":"https:\/\/wordpress.nibis.de\/gsamlindhof\/wp-json\/wp\/v2\/posts"}],"about":[{"href":"https:\/\/wordpress.nibis.de\/gsamlindhof\/wp-json\/wp\/v2\/types\/post"}],"author":[{"embeddable":true,"href":"https:\/\/wordpress.nibis.de\/gsamlindhof\/wp-json\/wp\/v2\/users\/1436"}],"replies":[{"embeddable":true,"href":"https:\/\/wordpress.nibis.de\/gsamlindhof\/wp-json\/wp\/v2\/comments?post=4438"}],"version-history":[{"count":3,"href":"https:\/\/wordpress.nibis.de\/gsamlindhof\/wp-json\/wp\/v2\/posts\/4438\/revisions"}],"predecessor-version":[{"id":4441,"href":"https:\/\/wordpress.nibis.de\/gsamlindhof\/wp-json\/wp\/v2\/posts\/4438\/revisions\/4441"}],"wp:attachment":[{"href":"https:\/\/wordpress.nibis.de\/gsamlindhof\/wp-json\/wp\/v2\/media?parent=4438"}],"wp:term":[{"taxonomy":"category","embeddable":true,"href":"https:\/\/wordpress.nibis.de\/gsamlindhof\/wp-json\/wp\/v2\/categories?post=4438"},{"taxonomy":"post_tag","embeddable":true,"href":"https:\/\/wordpress.nibis.de\/gsamlindhof\/wp-json\/wp\/v2\/tags?post=4438"}],"curies":[{"name":"wp","href":"https:\/\/api.w.org\/{rel}","templated":true}]}}