{"id":1388,"date":"2023-04-30T05:34:32","date_gmt":"2023-04-30T03:34:32","guid":{"rendered":"https:\/\/wordpress.nibis.de\/gsaos\/?p=1388"},"modified":"2023-04-30T05:34:32","modified_gmt":"2023-04-30T03:34:32","slug":"forum-21-04-2023","status":"publish","type":"post","link":"https:\/\/wordpress.nibis.de\/gsaos\/forum-21-04-2023\/","title":{"rendered":"Forum 21.04.2023"},"content":{"rendered":"\n<p>Am 21.4.2023 war es endlich soweit und es fand wieder ein ganz &#8222;normales&#8220; Forum statt. Alle Klassen und Lehrkr\u00e4fte trafen sich hierf\u00fcr in der Aula unserer Schule. Anwesend war au\u00dferdem Herr Schmidt von unserem F\u00f6rderverein.<\/p>\n<p>Frau Wohlgemuth erkl\u00e4rte zun\u00e4chst einmal, wie ein solches Forum abl\u00e4uft und welche Regeln zu beachten sind. Au\u00dferdem stellte sie auch nochmal unser Leitbild &#8218;Gemeinsam lernen &#8211; Gemeinschaft leben&#8216; in den Fokus. Das Motto des Monats, welches vom Sch\u00fclerrat festgelegt wird, wurde bereits in den Klassen von den Klassensprecher*innen erkl\u00e4rt, sodass Frau Wohlgemuth lediglich noch einmal darauf hinwies.<\/p>\n<p>Frau Herrmann stellte das Lied f\u00fcr den April aus unserem Liederkalender vor und alle sangen es ein erstes Mal gemeinsam.<\/p>\n<p>Dann startete der Hauptpunkt dieses Forums: die Preisverleihung f\u00fcr den Malwettbewerb.<br \/>Vielen Dank an den F\u00f6rderverein, vertreten durch Herrn Schmidt, f\u00fcr die gesponserten Preise. Vielen Dank auch an die Jury, die die schwierige Aufgabe hatte, die besten Bilder zu k\u00fcren.<br \/>Frau Marris stellte zun\u00e4chst die K\u00fcnstler*innen und das Projekt des jeweiligen Jahrgangs vor, bevor die Kinder der dritt- bis erstplatzierten Kinder auf die B\u00fchne gerufen wurden. Es wurde das Werk des Kindes gezeigt und eine Urkunde und der Preis von Frau Marris &amp; Frau Antonschmidt \u00fcberreicht.<\/p>\n<div id=\"attachment_1389\" style=\"width: 2570px\" class=\"wp-caption aligncenter\"><img loading=\"lazy\" decoding=\"async\" aria-describedby=\"caption-attachment-1389\" class=\"wp-image-1389 size-full\" src=\"https:\/\/wordpress.nibis.de\/gsaos\/files\/2023\/04\/IMG_8328-scaled.jpg\" alt=\"die Sieger*innen des diesj\u00e4hrigen Malwettbewerbes zusammen mit Frau Marris\" width=\"2560\" height=\"1920\" \/><p id=\"caption-attachment-1389\" class=\"wp-caption-text\">die Sieger*innen des diesj\u00e4hrigen Malwettbewerbes zusammen mit Frau Marris<\/p><\/div>\n<p><br \/>Die Bilder werden nun in der Schule aufgeh\u00e4ngt und d\u00fcrfen die Wand neben dem Sekretariat zieren.<\/p>\n<p>Zum Abschluss sangen die Chorklassen der Schulgemeinschaft noch ihren Chroklassenhit vor.<\/p>\n","protected":false},"excerpt":{"rendered":"<p>Am 21.4.2023 war es endlich soweit und es fand wieder ein ganz &#8222;normales&#8220; Forum statt. Alle Klassen und Lehrkr\u00e4fte trafen sich hierf\u00fcr in der Aula unserer Schule. Anwesend war au\u00dferdem Herr Schmidt von unserem F\u00f6rderverein. Frau Wohlgemuth erkl\u00e4rte zun\u00e4chst einmal, &hellip; <a href=\"https:\/\/wordpress.nibis.de\/gsaos\/forum-21-04-2023\/\">Weiterlesen <span class=\"meta-nav\">&rarr;<\/span><\/a><\/p>\n","protected":false},"author":937,"featured_media":0,"comment_status":"closed","ping_status":"closed","sticky":false,"template":"","format":"standard","meta":{"footnotes":""},"categories":[1],"tags":[],"class_list":["post-1388","post","type-post","status-publish","format-standard","hentry","category-allgemein"],"_links":{"self":[{"href":"https:\/\/wordpress.nibis.de\/gsaos\/wp-json\/wp\/v2\/posts\/1388","targetHints":{"allow":["GET"]}}],"collection":[{"href":"https:\/\/wordpress.nibis.de\/gsaos\/wp-json\/wp\/v2\/posts"}],"about":[{"href":"https:\/\/wordpress.nibis.de\/gsaos\/wp-json\/wp\/v2\/types\/post"}],"author":[{"embeddable":true,"href":"https:\/\/wordpress.nibis.de\/gsaos\/wp-json\/wp\/v2\/users\/937"}],"replies":[{"embeddable":true,"href":"https:\/\/wordpress.nibis.de\/gsaos\/wp-json\/wp\/v2\/comments?post=1388"}],"version-history":[{"count":2,"href":"https:\/\/wordpress.nibis.de\/gsaos\/wp-json\/wp\/v2\/posts\/1388\/revisions"}],"predecessor-version":[{"id":1391,"href":"https:\/\/wordpress.nibis.de\/gsaos\/wp-json\/wp\/v2\/posts\/1388\/revisions\/1391"}],"wp:attachment":[{"href":"https:\/\/wordpress.nibis.de\/gsaos\/wp-json\/wp\/v2\/media?parent=1388"}],"wp:term":[{"taxonomy":"category","embeddable":true,"href":"https:\/\/wordpress.nibis.de\/gsaos\/wp-json\/wp\/v2\/categories?post=1388"},{"taxonomy":"post_tag","embeddable":true,"href":"https:\/\/wordpress.nibis.de\/gsaos\/wp-json\/wp\/v2\/tags?post=1388"}],"curies":[{"name":"wp","href":"https:\/\/api.w.org\/{rel}","templated":true}]}}