{"id":1420,"date":"2023-05-21T13:54:25","date_gmt":"2023-05-21T11:54:25","guid":{"rendered":"https:\/\/wordpress.nibis.de\/gsaos\/?p=1420"},"modified":"2023-05-21T13:55:02","modified_gmt":"2023-05-21T11:55:02","slug":"lehrschwimmbecken-startet-in-neue-saison","status":"publish","type":"post","link":"https:\/\/wordpress.nibis.de\/gsaos\/lehrschwimmbecken-startet-in-neue-saison\/","title":{"rendered":"Lehrschwimmbecken startet in die neue Saison"},"content":{"rendered":"\n<p>Ahoi,<br \/><br \/>nun ist es endlich soweit. Ab Montag 22.05.2023 startet der Betrieb am Lehrschwimmbecken.<br \/>Alle Kinder der Aller-Oker-Schule k\u00f6nnen nachmittags kostenlos im Lehrschwimmbecken baden.<br \/><br \/><strong>&#8211; Uhrzeit: 15:30 &#8211; 17:30 Uhr<\/strong><br \/><strong>&#8211; Zutritt neu!: \u00fcber die T\u00fcr am B-Platz<\/strong><br \/>&#8211; Fahrr\u00e4der bitte an der Schule oder am Sportheim abstellen; f\u00fcr Kinder, die mit dem Auto gebracht werden, die Hol- und Bringzone am Sportheim nutze<br \/>&#8211; Die Baderegeln des Klaus-Lompa-Lehrschwimmbeckens sind zu beachten: <br \/><a href=\"https:\/\/wordpress.nibis.de\/gsaos\/files\/2023\/04\/Baderegeln-Klaus-Lompa-Lehrschwimmbecken_V23_1.pdf\">Baderegeln Klaus-Lompa-Lehrschwimmbecken_V23_1<\/a>\u00a0<br \/>Bitte mit den Kindern ggfs. noch einmal durchsprechen<br \/>&#8211; Es d\u00fcrfen aus versicherungstechnischen Gr\u00fcnden maximal 50 Kinder gleichzeitig am\/im Lehrschwimmbecken sein. Sollten es mehr Kinder sein, m\u00fcssen wir leider auf den n\u00e4chsten Nachmittag vertr\u00f6sten.<br \/><br \/>Die Badeaufsicht ist im Vorfeld klassenweise geregelt worden. Bitte rechtzeitig zur \u00d6ffnung vor Ort sein (auch Eingang B-Platz). Ist keine 2. Aufsichtsperson da, bleibt das Lehrschwimmbecken geschlossen. Und das w\u00e4re super schade f\u00fcr die Kinder.<br \/><br \/>Fragen k\u00f6nnen gern an den Vorstand des Schulf\u00f6rdervereins gerichtet werden<br \/>&#102;&#x6f;&#101;&#x72;d&#x65;r&#118;&#x65;&#114;&#x65;i&#x6e;&#64;&#97;&#x6c;&#108;&#x65;r&#x2d;o&#107;&#x65;&#114;&#x2d;s&#x63;h&#117;&#x6c;&#101;&#x2e;d&#x65;<br \/><br \/>Viele Gr\u00fc\u00dfe<br \/>Der Vorstand des Schulf\u00f6rdervereins M\u00fcden\/Aller e.V.<\/p>\n","protected":false},"excerpt":{"rendered":"<p>Ahoi, nun ist es endlich soweit. Ab Montag 22.05.2023 startet der Betrieb am Lehrschwimmbecken.Alle Kinder der Aller-Oker-Schule k\u00f6nnen nachmittags kostenlos im Lehrschwimmbecken baden. &#8211; Uhrzeit: 15:30 &#8211; 17:30 Uhr&#8211; Zutritt neu!: \u00fcber die T\u00fcr am B-Platz&#8211; Fahrr\u00e4der bitte an der &hellip; <a href=\"https:\/\/wordpress.nibis.de\/gsaos\/lehrschwimmbecken-startet-in-neue-saison\/\">Weiterlesen <span class=\"meta-nav\">&rarr;<\/span><\/a><\/p>\n","protected":false},"author":937,"featured_media":0,"comment_status":"closed","ping_status":"closed","sticky":false,"template":"","format":"standard","meta":{"footnotes":""},"categories":[1],"tags":[],"class_list":["post-1420","post","type-post","status-publish","format-standard","hentry","category-allgemein"],"_links":{"self":[{"href":"https:\/\/wordpress.nibis.de\/gsaos\/wp-json\/wp\/v2\/posts\/1420","targetHints":{"allow":["GET"]}}],"collection":[{"href":"https:\/\/wordpress.nibis.de\/gsaos\/wp-json\/wp\/v2\/posts"}],"about":[{"href":"https:\/\/wordpress.nibis.de\/gsaos\/wp-json\/wp\/v2\/types\/post"}],"author":[{"embeddable":true,"href":"https:\/\/wordpress.nibis.de\/gsaos\/wp-json\/wp\/v2\/users\/937"}],"replies":[{"embeddable":true,"href":"https:\/\/wordpress.nibis.de\/gsaos\/wp-json\/wp\/v2\/comments?post=1420"}],"version-history":[{"count":4,"href":"https:\/\/wordpress.nibis.de\/gsaos\/wp-json\/wp\/v2\/posts\/1420\/revisions"}],"predecessor-version":[{"id":1424,"href":"https:\/\/wordpress.nibis.de\/gsaos\/wp-json\/wp\/v2\/posts\/1420\/revisions\/1424"}],"wp:attachment":[{"href":"https:\/\/wordpress.nibis.de\/gsaos\/wp-json\/wp\/v2\/media?parent=1420"}],"wp:term":[{"taxonomy":"category","embeddable":true,"href":"https:\/\/wordpress.nibis.de\/gsaos\/wp-json\/wp\/v2\/categories?post=1420"},{"taxonomy":"post_tag","embeddable":true,"href":"https:\/\/wordpress.nibis.de\/gsaos\/wp-json\/wp\/v2\/tags?post=1420"}],"curies":[{"name":"wp","href":"https:\/\/api.w.org\/{rel}","templated":true}]}}