{"id":1476,"date":"2023-06-06T20:58:13","date_gmt":"2023-06-06T18:58:13","guid":{"rendered":"https:\/\/wordpress.nibis.de\/gsaos\/?p=1476"},"modified":"2023-06-06T20:58:13","modified_gmt":"2023-06-06T18:58:13","slug":"projektwoche-tag-2","status":"publish","type":"post","link":"https:\/\/wordpress.nibis.de\/gsaos\/projektwoche-tag-2\/","title":{"rendered":"Projektwoche Tag 2"},"content":{"rendered":"\n<p>Auch heute waren die Kinder der Aller-Oker-Schule wieder flei\u00dfig in ihren Projektgruppen unterwegs. Hier stellen wir zwei weitere Projekte vor und das sind heute die &#8218;Kreativwerkstatt&#8216; und die &#8218;kunterbunte Tierwelt&#8216;.<\/p>\n<p><strong>Kreativwerkstatt<\/strong><\/p>\n<p>Hallo, wir sind das Projekt \u201eKreativwerkstatt\u201c. Unsere Gruppe ist bunt gemischt mit Kindern aus der 1. Bis 4. Klasse, aber eines haben wir gemeinsam: Wir basteln gern und sind seit Montag m\u00e4chtig kreativ. In unserem Ausstellungsraum k\u00f6nnt ihr euch am Freitag anschauen, was wir alles hergestellt haben:<\/p>\n<p>Wundersch\u00f6ne Mobiles und Schmetterlingsb\u00e4ume, Windspiele aus Stoff, Vasen und Gl\u00e4ser mit Spitze, B\u00fccherw\u00fcrmer-Lesezeichen und vieles mehr.<\/p>\n<p>Was besonders sch\u00f6n ist: Alle Kinder helfen sich gegenseitig und es macht einen riesigen Spa\u00df. Kommt am Freitag beim Schulfest vorbei, wir freuen uns auf euch!<\/p>\n<p>Liebe Gr\u00fc\u00dfe,<\/p>\n<p>eure Kreativwerkstatt<\/p>\n<p>\u00a0<\/p>\n\n\n\n<figure class=\"wp-block-image size-large\"><img loading=\"lazy\" decoding=\"async\" width=\"800\" height=\"369\" src=\"https:\/\/wordpress.nibis.de\/gsaos\/files\/2023\/06\/6d9c19e9-24fd-4189-ba45-8f8000777e2d-800x369.jpg\" alt=\"\" class=\"wp-image-1477\" srcset=\"https:\/\/wordpress.nibis.de\/gsaos\/files\/2023\/06\/6d9c19e9-24fd-4189-ba45-8f8000777e2d-800x369.jpg 800w, https:\/\/wordpress.nibis.de\/gsaos\/files\/2023\/06\/6d9c19e9-24fd-4189-ba45-8f8000777e2d-300x138.jpg 300w, https:\/\/wordpress.nibis.de\/gsaos\/files\/2023\/06\/6d9c19e9-24fd-4189-ba45-8f8000777e2d-1536x709.jpg 1536w, https:\/\/wordpress.nibis.de\/gsaos\/files\/2023\/06\/6d9c19e9-24fd-4189-ba45-8f8000777e2d.jpg 2016w\" sizes=\"auto, (max-width: 800px) 100vw, 800px\" \/><\/figure>\n\n\n\n<figure class=\"wp-block-image size-large\"><img loading=\"lazy\" decoding=\"async\" width=\"800\" height=\"369\" src=\"https:\/\/wordpress.nibis.de\/gsaos\/files\/2023\/06\/27a739e0-4875-4d2b-a3ef-513210945b24-800x369.jpg\" alt=\"\" class=\"wp-image-1478\" srcset=\"https:\/\/wordpress.nibis.de\/gsaos\/files\/2023\/06\/27a739e0-4875-4d2b-a3ef-513210945b24-800x369.jpg 800w, https:\/\/wordpress.nibis.de\/gsaos\/files\/2023\/06\/27a739e0-4875-4d2b-a3ef-513210945b24-300x138.jpg 300w, https:\/\/wordpress.nibis.de\/gsaos\/files\/2023\/06\/27a739e0-4875-4d2b-a3ef-513210945b24-1536x709.jpg 1536w, https:\/\/wordpress.nibis.de\/gsaos\/files\/2023\/06\/27a739e0-4875-4d2b-a3ef-513210945b24.jpg 2016w\" sizes=\"auto, (max-width: 800px) 100vw, 800px\" \/><\/figure>\n\n\n\n<figure class=\"wp-block-image size-large\"><img loading=\"lazy\" decoding=\"async\" width=\"800\" height=\"369\" src=\"https:\/\/wordpress.nibis.de\/gsaos\/files\/2023\/06\/2187ffca-7cb8-4911-be57-7b323a1a8d26-800x369.jpg\" alt=\"\" class=\"wp-image-1479\" srcset=\"https:\/\/wordpress.nibis.de\/gsaos\/files\/2023\/06\/2187ffca-7cb8-4911-be57-7b323a1a8d26-800x369.jpg 800w, https:\/\/wordpress.nibis.de\/gsaos\/files\/2023\/06\/2187ffca-7cb8-4911-be57-7b323a1a8d26-300x138.jpg 300w, https:\/\/wordpress.nibis.de\/gsaos\/files\/2023\/06\/2187ffca-7cb8-4911-be57-7b323a1a8d26-1536x709.jpg 1536w, https:\/\/wordpress.nibis.de\/gsaos\/files\/2023\/06\/2187ffca-7cb8-4911-be57-7b323a1a8d26.jpg 2016w\" sizes=\"auto, (max-width: 800px) 100vw, 800px\" \/><\/figure>\n\n\n\n<p>\u00a0<\/p>\n<p><strong>kunterbunte Tierwelt<\/strong><\/p>\n<p>In unserem kunterbunten Projekt basteln und gestalten wir die verschiedensten Tiere aus unterschiedlichen Materialien. An unseren ersten beiden Tagen wurden schon flei\u00dfig Papageien in allen Farben des Regenbogens, \u201elebensechte\u201c Schlangen und Schildkr\u00f6ten aus Papptellern sowie bewegliche Klammer- Schmetterlinge und -Flederm\u00e4use hergestellt. Heute haben wir au\u00dferdem mit dem Bau eines 3D-Aquariums aus einem Schuhkarton begonnen. Dies alles und noch mehr werden wir bei unserem Schulfest in einer ganz besonderen Ausstellung pr\u00e4sentieren.<\/p>\n<p>\u00a0<\/p>\n\n\n\n<figure class=\"wp-block-gallery has-nested-images columns-default is-cropped wp-block-gallery-1 is-layout-flex wp-block-gallery-is-layout-flex\">\n<figure class=\"wp-block-image size-large\"><img decoding=\"async\" data-id=\"1488\" src=\"https:\/\/wordpress.nibis.de\/gsaos\/files\/2023\/06\/IMG_9245-2-450x600.jpeg\" alt=\"\" class=\"wp-image-1488\" \/><\/figure>\n\n\n\n<figure class=\"wp-block-image size-large\"><img decoding=\"async\" data-id=\"1490\" src=\"https:\/\/wordpress.nibis.de\/gsaos\/files\/2023\/06\/IMG_9247-2-450x600.jpeg\" alt=\"\" class=\"wp-image-1490\" \/><\/figure>\n\n\n\n<figure class=\"wp-block-image size-large\"><img decoding=\"async\" data-id=\"1489\" src=\"https:\/\/wordpress.nibis.de\/gsaos\/files\/2023\/06\/IMG_9251-2-450x600.jpeg\" alt=\"\" class=\"wp-image-1489\" \/><\/figure>\n<\/figure>\n\n\n\n<div class=\"wp-block-columns is-layout-flex wp-container-core-columns-is-layout-abceabcf wp-block-columns-is-layout-flex\">\n<div class=\"wp-block-column is-layout-flow wp-block-column-is-layout-flow\" style=\"--col-width:100%;flex-basis:100%\">\n<div class=\"wp-block-group\"><div class=\"wp-block-group__inner-container is-layout-flow wp-block-group-is-layout-flow\"><\/div><\/div>\n<\/div>\n<\/div>\n","protected":false},"excerpt":{"rendered":"<p>Auch heute waren die Kinder der Aller-Oker-Schule wieder flei\u00dfig in ihren Projektgruppen unterwegs. Hier stellen wir zwei weitere Projekte vor und das sind heute die &#8218;Kreativwerkstatt&#8216; und die &#8218;kunterbunte Tierwelt&#8216;. Kreativwerkstatt Hallo, wir sind das Projekt \u201eKreativwerkstatt\u201c. Unsere Gruppe ist &hellip; <a href=\"https:\/\/wordpress.nibis.de\/gsaos\/projektwoche-tag-2\/\">Weiterlesen <span class=\"meta-nav\">&rarr;<\/span><\/a><\/p>\n","protected":false},"author":937,"featured_media":0,"comment_status":"closed","ping_status":"closed","sticky":false,"template":"","format":"standard","meta":{"footnotes":""},"categories":[1],"tags":[],"class_list":["post-1476","post","type-post","status-publish","format-standard","hentry","category-allgemein"],"_links":{"self":[{"href":"https:\/\/wordpress.nibis.de\/gsaos\/wp-json\/wp\/v2\/posts\/1476","targetHints":{"allow":["GET"]}}],"collection":[{"href":"https:\/\/wordpress.nibis.de\/gsaos\/wp-json\/wp\/v2\/posts"}],"about":[{"href":"https:\/\/wordpress.nibis.de\/gsaos\/wp-json\/wp\/v2\/types\/post"}],"author":[{"embeddable":true,"href":"https:\/\/wordpress.nibis.de\/gsaos\/wp-json\/wp\/v2\/users\/937"}],"replies":[{"embeddable":true,"href":"https:\/\/wordpress.nibis.de\/gsaos\/wp-json\/wp\/v2\/comments?post=1476"}],"version-history":[{"count":4,"href":"https:\/\/wordpress.nibis.de\/gsaos\/wp-json\/wp\/v2\/posts\/1476\/revisions"}],"predecessor-version":[{"id":1492,"href":"https:\/\/wordpress.nibis.de\/gsaos\/wp-json\/wp\/v2\/posts\/1476\/revisions\/1492"}],"wp:attachment":[{"href":"https:\/\/wordpress.nibis.de\/gsaos\/wp-json\/wp\/v2\/media?parent=1476"}],"wp:term":[{"taxonomy":"category","embeddable":true,"href":"https:\/\/wordpress.nibis.de\/gsaos\/wp-json\/wp\/v2\/categories?post=1476"},{"taxonomy":"post_tag","embeddable":true,"href":"https:\/\/wordpress.nibis.de\/gsaos\/wp-json\/wp\/v2\/tags?post=1476"}],"curies":[{"name":"wp","href":"https:\/\/api.w.org\/{rel}","templated":true}]}}