{"id":1496,"date":"2023-06-12T04:52:58","date_gmt":"2023-06-12T02:52:58","guid":{"rendered":"https:\/\/wordpress.nibis.de\/gsaos\/?p=1496"},"modified":"2023-07-02T06:16:18","modified_gmt":"2023-07-02T04:16:18","slug":"wir-sind-bunt-unser-schulfest","status":"publish","type":"post","link":"https:\/\/wordpress.nibis.de\/gsaos\/wir-sind-bunt-unser-schulfest\/","title":{"rendered":"Wir sind bunt &#8211; unser Schulfest"},"content":{"rendered":"\n<p>Ein besonders bunter Abschluss der Projektwoche war am Freitag das gro\u00dfe Schulfest. <br \/>An dieser Stelle sagen wir von ganzem Herzen DANKE an ALLE, die einen Beitrag zu Projektwoche und zum Schulfest geleistet haben.<\/p>\n<p>DANKE \ud83c\udf08<br \/><br \/>&#8230; an den Schulelternrat &#8211; besonders an die beiden Vorsitzenden und unseren F\u00f6rderverein. Was Sie auf die Beine gestellt haben f\u00fcr unser Schulfest ist der Wahnsinn!<\/p>\n<p>&#8230; an alle helfenden Eltern und alle anderen Helfenden. Vielen Dank f\u00fcr die Unterst\u00fctzung!<\/p>\n<p>&#8230; an das DRK, die Freiwillige Feuerwehr M\u00fcden-Dieckhorst und Ariane Schneider!<\/p>\n<p>&#8230; an Baba f\u00fcr ganz viel Rhythmus, Spa\u00df und Herz!<\/p>\n<p>&#8230; an unser tolles Kollegium. Ihr habt wahnsinnige Arbeit geleitestet in der Projektwoche und beim Schulfest!<\/p>\n<p>&#8230; an unsere Schulleitung, Sekret\u00e4rin und das Organisationsteam f\u00fcr so viel organisatorische Arbeit hinter den Kulissen.<\/p>\n<p>&#8230; an die Ganztagsleitung und die Mitarbeitenden aus dem Ganztag, dass ihr mit uns gemeinsam alles umsetzt und m\u00f6glich macht.<\/p>\n<p>&#8230; an unseren Hausmeister und unsere Reinigungskr\u00e4fte f\u00fcr den Einsatz und die Flexibilit\u00e4t.<\/p>\n<p>&#8230; an unsere Sch\u00fcler*innen. Ihr habt die Projektwoche und das Schulfest mit Leben gef\u00fcllt! Danke, dass wir euch begleiten und mit und von euch lernen d\u00fcrfen!<\/p>\n<p>Wir haben gezeigt, wie bunt wir sind. Jede*r darf hier sein, wie er*sie ist. Gemeinsam sind wir ein starkes WIR.<\/p>\n<div id='gallery-1' class='gallery galleryid-1496 gallery-columns-3 gallery-size-medium'><dl class='gallery-item'>\n\t\t\t<dt class='gallery-icon portrait'>\n\t\t\t\t<a href='https:\/\/wordpress.nibis.de\/gsaos\/wir-sind-bunt-unser-schulfest\/img_0499\/'><img loading=\"lazy\" decoding=\"async\" width=\"225\" height=\"300\" src=\"https:\/\/wordpress.nibis.de\/gsaos\/files\/2023\/06\/IMG_0499-225x300.jpeg\" class=\"attachment-medium size-medium\" alt=\"\" srcset=\"https:\/\/wordpress.nibis.de\/gsaos\/files\/2023\/06\/IMG_0499-225x300.jpeg 225w, https:\/\/wordpress.nibis.de\/gsaos\/files\/2023\/06\/IMG_0499-450x600.jpeg 450w, https:\/\/wordpress.nibis.de\/gsaos\/files\/2023\/06\/IMG_0499-1152x1536.jpeg 1152w, https:\/\/wordpress.nibis.de\/gsaos\/files\/2023\/06\/IMG_0499-1536x2048.jpeg 1536w, https:\/\/wordpress.nibis.de\/gsaos\/files\/2023\/06\/IMG_0499-scaled.jpeg 1920w\" sizes=\"auto, (max-width: 225px) 100vw, 225px\" \/><\/a>\n\t\t\t<\/dt><\/dl><dl class='gallery-item'>\n\t\t\t<dt class='gallery-icon portrait'>\n\t\t\t\t<a href='https:\/\/wordpress.nibis.de\/gsaos\/wir-sind-bunt-unser-schulfest\/36efecaa-4799-4ec0-bc40-15ff4507d7a1\/'><img loading=\"lazy\" decoding=\"async\" width=\"225\" height=\"300\" src=\"https:\/\/wordpress.nibis.de\/gsaos\/files\/2023\/06\/36efecaa-4799-4ec0-bc40-15ff4507d7a1-225x300.jpg\" class=\"attachment-medium size-medium\" alt=\"\" srcset=\"https:\/\/wordpress.nibis.de\/gsaos\/files\/2023\/06\/36efecaa-4799-4ec0-bc40-15ff4507d7a1-225x300.jpg 225w, https:\/\/wordpress.nibis.de\/gsaos\/files\/2023\/06\/36efecaa-4799-4ec0-bc40-15ff4507d7a1-450x600.jpg 450w, https:\/\/wordpress.nibis.de\/gsaos\/files\/2023\/06\/36efecaa-4799-4ec0-bc40-15ff4507d7a1-1152x1536.jpg 1152w, https:\/\/wordpress.nibis.de\/gsaos\/files\/2023\/06\/36efecaa-4799-4ec0-bc40-15ff4507d7a1.jpg 1536w\" sizes=\"auto, (max-width: 225px) 100vw, 225px\" \/><\/a>\n\t\t\t<\/dt><\/dl><dl class='gallery-item'>\n\t\t\t<dt class='gallery-icon portrait'>\n\t\t\t\t<a href='https:\/\/wordpress.nibis.de\/gsaos\/wir-sind-bunt-unser-schulfest\/c7db6053-e307-4194-a361-f08c6a0c799d\/'><img loading=\"lazy\" decoding=\"async\" width=\"138\" height=\"300\" src=\"https:\/\/wordpress.nibis.de\/gsaos\/files\/2023\/06\/c7db6053-e307-4194-a361-f08c6a0c799d-138x300.jpg\" class=\"attachment-medium size-medium\" alt=\"\" srcset=\"https:\/\/wordpress.nibis.de\/gsaos\/files\/2023\/06\/c7db6053-e307-4194-a361-f08c6a0c799d-138x300.jpg 138w, https:\/\/wordpress.nibis.de\/gsaos\/files\/2023\/06\/c7db6053-e307-4194-a361-f08c6a0c799d-277x600.jpg 277w, https:\/\/wordpress.nibis.de\/gsaos\/files\/2023\/06\/c7db6053-e307-4194-a361-f08c6a0c799d-709x1536.jpg 709w, https:\/\/wordpress.nibis.de\/gsaos\/files\/2023\/06\/c7db6053-e307-4194-a361-f08c6a0c799d.jpg 930w\" sizes=\"auto, (max-width: 138px) 100vw, 138px\" \/><\/a>\n\t\t\t<\/dt><\/dl><br style=\"clear: both\" \/><dl class='gallery-item'>\n\t\t\t<dt class='gallery-icon landscape'>\n\t\t\t\t<a href='https:\/\/wordpress.nibis.de\/gsaos\/wir-sind-bunt-unser-schulfest\/566ae961-7860-4b58-8cdf-69fad329b45a\/'><img loading=\"lazy\" decoding=\"async\" width=\"300\" height=\"138\" src=\"https:\/\/wordpress.nibis.de\/gsaos\/files\/2023\/06\/566ae961-7860-4b58-8cdf-69fad329b45a-300x138.jpg\" class=\"attachment-medium size-medium\" alt=\"\" srcset=\"https:\/\/wordpress.nibis.de\/gsaos\/files\/2023\/06\/566ae961-7860-4b58-8cdf-69fad329b45a-300x138.jpg 300w, https:\/\/wordpress.nibis.de\/gsaos\/files\/2023\/06\/566ae961-7860-4b58-8cdf-69fad329b45a-800x369.jpg 800w, https:\/\/wordpress.nibis.de\/gsaos\/files\/2023\/06\/566ae961-7860-4b58-8cdf-69fad329b45a-1536x709.jpg 1536w, https:\/\/wordpress.nibis.de\/gsaos\/files\/2023\/06\/566ae961-7860-4b58-8cdf-69fad329b45a.jpg 2016w\" sizes=\"auto, (max-width: 300px) 100vw, 300px\" \/><\/a>\n\t\t\t<\/dt><\/dl><dl class='gallery-item'>\n\t\t\t<dt class='gallery-icon landscape'>\n\t\t\t\t<a href='https:\/\/wordpress.nibis.de\/gsaos\/wir-sind-bunt-unser-schulfest\/0865cde4-3594-4668-a339-7f55ed59b09f\/'><img loading=\"lazy\" decoding=\"async\" width=\"300\" height=\"138\" src=\"https:\/\/wordpress.nibis.de\/gsaos\/files\/2023\/06\/0865cde4-3594-4668-a339-7f55ed59b09f-300x138.jpg\" class=\"attachment-medium size-medium\" alt=\"\" srcset=\"https:\/\/wordpress.nibis.de\/gsaos\/files\/2023\/06\/0865cde4-3594-4668-a339-7f55ed59b09f-300x138.jpg 300w, https:\/\/wordpress.nibis.de\/gsaos\/files\/2023\/06\/0865cde4-3594-4668-a339-7f55ed59b09f-800x369.jpg 800w, https:\/\/wordpress.nibis.de\/gsaos\/files\/2023\/06\/0865cde4-3594-4668-a339-7f55ed59b09f-1536x709.jpg 1536w, https:\/\/wordpress.nibis.de\/gsaos\/files\/2023\/06\/0865cde4-3594-4668-a339-7f55ed59b09f.jpg 2016w\" sizes=\"auto, (max-width: 300px) 100vw, 300px\" \/><\/a>\n\t\t\t<\/dt><\/dl><dl class='gallery-item'>\n\t\t\t<dt class='gallery-icon landscape'>\n\t\t\t\t<a href='https:\/\/wordpress.nibis.de\/gsaos\/wir-sind-bunt-unser-schulfest\/76692424-4abb-4973-96fe-f153a1397edd\/'><img loading=\"lazy\" decoding=\"async\" width=\"300\" height=\"138\" src=\"https:\/\/wordpress.nibis.de\/gsaos\/files\/2023\/06\/76692424-4abb-4973-96fe-f153a1397edd-300x138.jpg\" class=\"attachment-medium size-medium\" alt=\"\" srcset=\"https:\/\/wordpress.nibis.de\/gsaos\/files\/2023\/06\/76692424-4abb-4973-96fe-f153a1397edd-300x138.jpg 300w, https:\/\/wordpress.nibis.de\/gsaos\/files\/2023\/06\/76692424-4abb-4973-96fe-f153a1397edd-800x369.jpg 800w, https:\/\/wordpress.nibis.de\/gsaos\/files\/2023\/06\/76692424-4abb-4973-96fe-f153a1397edd-1536x709.jpg 1536w, https:\/\/wordpress.nibis.de\/gsaos\/files\/2023\/06\/76692424-4abb-4973-96fe-f153a1397edd.jpg 2016w\" sizes=\"auto, (max-width: 300px) 100vw, 300px\" \/><\/a>\n\t\t\t<\/dt><\/dl><br style=\"clear: both\" \/><dl class='gallery-item'>\n\t\t\t<dt class='gallery-icon landscape'>\n\t\t\t\t<a href='https:\/\/wordpress.nibis.de\/gsaos\/wir-sind-bunt-unser-schulfest\/b6475a2d-7c37-4e4d-a233-9324fb875c2a\/'><img loading=\"lazy\" decoding=\"async\" width=\"300\" height=\"138\" src=\"https:\/\/wordpress.nibis.de\/gsaos\/files\/2023\/06\/b6475a2d-7c37-4e4d-a233-9324fb875c2a-300x138.jpg\" class=\"attachment-medium size-medium\" alt=\"\" srcset=\"https:\/\/wordpress.nibis.de\/gsaos\/files\/2023\/06\/b6475a2d-7c37-4e4d-a233-9324fb875c2a-300x138.jpg 300w, https:\/\/wordpress.nibis.de\/gsaos\/files\/2023\/06\/b6475a2d-7c37-4e4d-a233-9324fb875c2a-800x369.jpg 800w, https:\/\/wordpress.nibis.de\/gsaos\/files\/2023\/06\/b6475a2d-7c37-4e4d-a233-9324fb875c2a-1536x709.jpg 1536w, https:\/\/wordpress.nibis.de\/gsaos\/files\/2023\/06\/b6475a2d-7c37-4e4d-a233-9324fb875c2a.jpg 2016w\" sizes=\"auto, (max-width: 300px) 100vw, 300px\" \/><\/a>\n\t\t\t<\/dt><\/dl><dl class='gallery-item'>\n\t\t\t<dt class='gallery-icon landscape'>\n\t\t\t\t<a href='https:\/\/wordpress.nibis.de\/gsaos\/wir-sind-bunt-unser-schulfest\/c01c8b87-ea9e-40c3-8109-61c1f915aaf5\/'><img loading=\"lazy\" decoding=\"async\" width=\"300\" height=\"138\" src=\"https:\/\/wordpress.nibis.de\/gsaos\/files\/2023\/06\/c01c8b87-ea9e-40c3-8109-61c1f915aaf5-300x138.jpg\" class=\"attachment-medium size-medium\" alt=\"\" srcset=\"https:\/\/wordpress.nibis.de\/gsaos\/files\/2023\/06\/c01c8b87-ea9e-40c3-8109-61c1f915aaf5-300x138.jpg 300w, https:\/\/wordpress.nibis.de\/gsaos\/files\/2023\/06\/c01c8b87-ea9e-40c3-8109-61c1f915aaf5-800x369.jpg 800w, https:\/\/wordpress.nibis.de\/gsaos\/files\/2023\/06\/c01c8b87-ea9e-40c3-8109-61c1f915aaf5-1536x709.jpg 1536w, https:\/\/wordpress.nibis.de\/gsaos\/files\/2023\/06\/c01c8b87-ea9e-40c3-8109-61c1f915aaf5.jpg 2016w\" sizes=\"auto, (max-width: 300px) 100vw, 300px\" \/><\/a>\n\t\t\t<\/dt><\/dl><dl class='gallery-item'>\n\t\t\t<dt class='gallery-icon landscape'>\n\t\t\t\t<a href='https:\/\/wordpress.nibis.de\/gsaos\/wir-sind-bunt-unser-schulfest\/fec6afe3-b904-4cad-b407-693018f750d8\/'><img loading=\"lazy\" decoding=\"async\" width=\"300\" height=\"138\" src=\"https:\/\/wordpress.nibis.de\/gsaos\/files\/2023\/06\/fec6afe3-b904-4cad-b407-693018f750d8-300x138.jpg\" class=\"attachment-medium size-medium\" alt=\"\" srcset=\"https:\/\/wordpress.nibis.de\/gsaos\/files\/2023\/06\/fec6afe3-b904-4cad-b407-693018f750d8-300x138.jpg 300w, https:\/\/wordpress.nibis.de\/gsaos\/files\/2023\/06\/fec6afe3-b904-4cad-b407-693018f750d8-800x369.jpg 800w, https:\/\/wordpress.nibis.de\/gsaos\/files\/2023\/06\/fec6afe3-b904-4cad-b407-693018f750d8-1536x709.jpg 1536w, https:\/\/wordpress.nibis.de\/gsaos\/files\/2023\/06\/fec6afe3-b904-4cad-b407-693018f750d8.jpg 2016w\" sizes=\"auto, (max-width: 300px) 100vw, 300px\" \/><\/a>\n\t\t\t<\/dt><\/dl><br style=\"clear: both\" \/><dl class='gallery-item'>\n\t\t\t<dt class='gallery-icon landscape'>\n\t\t\t\t<a href='https:\/\/wordpress.nibis.de\/gsaos\/wir-sind-bunt-unser-schulfest\/img_0494\/'><img loading=\"lazy\" decoding=\"async\" width=\"300\" height=\"225\" src=\"https:\/\/wordpress.nibis.de\/gsaos\/files\/2023\/06\/IMG_0494-300x225.jpeg\" class=\"attachment-medium size-medium\" alt=\"\" srcset=\"https:\/\/wordpress.nibis.de\/gsaos\/files\/2023\/06\/IMG_0494-300x225.jpeg 300w, https:\/\/wordpress.nibis.de\/gsaos\/files\/2023\/06\/IMG_0494-800x600.jpeg 800w, https:\/\/wordpress.nibis.de\/gsaos\/files\/2023\/06\/IMG_0494-1536x1152.jpeg 1536w, https:\/\/wordpress.nibis.de\/gsaos\/files\/2023\/06\/IMG_0494-2048x1536.jpeg 2048w\" sizes=\"auto, (max-width: 300px) 100vw, 300px\" \/><\/a>\n\t\t\t<\/dt><\/dl><dl class='gallery-item'>\n\t\t\t<dt class='gallery-icon landscape'>\n\t\t\t\t<a href='https:\/\/wordpress.nibis.de\/gsaos\/wir-sind-bunt-unser-schulfest\/img_0497\/'><img loading=\"lazy\" decoding=\"async\" width=\"300\" height=\"225\" src=\"https:\/\/wordpress.nibis.de\/gsaos\/files\/2023\/06\/IMG_0497-scaled-e1686537770250-300x225.jpeg\" class=\"attachment-medium size-medium\" alt=\"\" srcset=\"https:\/\/wordpress.nibis.de\/gsaos\/files\/2023\/06\/IMG_0497-scaled-e1686537770250-300x225.jpeg 300w, https:\/\/wordpress.nibis.de\/gsaos\/files\/2023\/06\/IMG_0497-scaled-e1686537770250-800x600.jpeg 800w, https:\/\/wordpress.nibis.de\/gsaos\/files\/2023\/06\/IMG_0497-scaled-e1686537770250-1536x1152.jpeg 1536w, https:\/\/wordpress.nibis.de\/gsaos\/files\/2023\/06\/IMG_0497-scaled-e1686537770250-2048x1536.jpeg 2048w\" sizes=\"auto, (max-width: 300px) 100vw, 300px\" \/><\/a>\n\t\t\t<\/dt><\/dl><dl class='gallery-item'>\n\t\t\t<dt class='gallery-icon landscape'>\n\t\t\t\t<a href='https:\/\/wordpress.nibis.de\/gsaos\/wir-sind-bunt-unser-schulfest\/img_0498\/'><img loading=\"lazy\" decoding=\"async\" width=\"300\" height=\"225\" src=\"https:\/\/wordpress.nibis.de\/gsaos\/files\/2023\/06\/IMG_0498-300x225.jpeg\" class=\"attachment-medium size-medium\" alt=\"\" srcset=\"https:\/\/wordpress.nibis.de\/gsaos\/files\/2023\/06\/IMG_0498-300x225.jpeg 300w, https:\/\/wordpress.nibis.de\/gsaos\/files\/2023\/06\/IMG_0498-800x600.jpeg 800w, https:\/\/wordpress.nibis.de\/gsaos\/files\/2023\/06\/IMG_0498-1536x1152.jpeg 1536w, https:\/\/wordpress.nibis.de\/gsaos\/files\/2023\/06\/IMG_0498-2048x1536.jpeg 2048w\" sizes=\"auto, (max-width: 300px) 100vw, 300px\" \/><\/a>\n\t\t\t<\/dt><\/dl><br style=\"clear: both\" \/>\n\t\t<\/div>\n\n<p><img loading=\"lazy\" decoding=\"async\" class=\"aligncenter size-full wp-image-1544\" src=\"https:\/\/wordpress.nibis.de\/gsaos\/files\/2023\/06\/c54f5500-92b0-4d3c-abc9-630f225b6ac4.jpg\" alt=\"\" width=\"1742\" height=\"623\" \/> <img loading=\"lazy\" decoding=\"async\" class=\"aligncenter size-full wp-image-1550\" src=\"https:\/\/wordpress.nibis.de\/gsaos\/files\/2023\/06\/IMG_9078-2-scaled.jpg\" alt=\"\" width=\"2560\" height=\"2158\" srcset=\"https:\/\/wordpress.nibis.de\/gsaos\/files\/2023\/06\/IMG_9078-2-scaled.jpg 2560w, https:\/\/wordpress.nibis.de\/gsaos\/files\/2023\/06\/IMG_9078-2-300x253.jpg 300w, https:\/\/wordpress.nibis.de\/gsaos\/files\/2023\/06\/IMG_9078-2-712x600.jpg 712w, https:\/\/wordpress.nibis.de\/gsaos\/files\/2023\/06\/IMG_9078-2-1536x1295.jpg 1536w, https:\/\/wordpress.nibis.de\/gsaos\/files\/2023\/06\/IMG_9078-2-2048x1727.jpg 2048w\" sizes=\"auto, (max-width: 2560px) 100vw, 2560px\" \/><\/p>\n<p>\u00a0<\/p>\n","protected":false},"excerpt":{"rendered":"<p>Ein besonders bunter Abschluss der Projektwoche war am Freitag das gro\u00dfe Schulfest. An dieser Stelle sagen wir von ganzem Herzen DANKE an ALLE, die einen Beitrag zu Projektwoche und zum Schulfest geleistet haben. DANKE \ud83c\udf08 &#8230; an den Schulelternrat &#8211; &hellip; <a href=\"https:\/\/wordpress.nibis.de\/gsaos\/wir-sind-bunt-unser-schulfest\/\">Weiterlesen <span class=\"meta-nav\">&rarr;<\/span><\/a><\/p>\n","protected":false},"author":937,"featured_media":0,"comment_status":"closed","ping_status":"closed","sticky":false,"template":"","format":"standard","meta":{"footnotes":""},"categories":[1],"tags":[],"class_list":["post-1496","post","type-post","status-publish","format-standard","hentry","category-allgemein"],"_links":{"self":[{"href":"https:\/\/wordpress.nibis.de\/gsaos\/wp-json\/wp\/v2\/posts\/1496","targetHints":{"allow":["GET"]}}],"collection":[{"href":"https:\/\/wordpress.nibis.de\/gsaos\/wp-json\/wp\/v2\/posts"}],"about":[{"href":"https:\/\/wordpress.nibis.de\/gsaos\/wp-json\/wp\/v2\/types\/post"}],"author":[{"embeddable":true,"href":"https:\/\/wordpress.nibis.de\/gsaos\/wp-json\/wp\/v2\/users\/937"}],"replies":[{"embeddable":true,"href":"https:\/\/wordpress.nibis.de\/gsaos\/wp-json\/wp\/v2\/comments?post=1496"}],"version-history":[{"count":11,"href":"https:\/\/wordpress.nibis.de\/gsaos\/wp-json\/wp\/v2\/posts\/1496\/revisions"}],"predecessor-version":[{"id":1558,"href":"https:\/\/wordpress.nibis.de\/gsaos\/wp-json\/wp\/v2\/posts\/1496\/revisions\/1558"}],"wp:attachment":[{"href":"https:\/\/wordpress.nibis.de\/gsaos\/wp-json\/wp\/v2\/media?parent=1496"}],"wp:term":[{"taxonomy":"category","embeddable":true,"href":"https:\/\/wordpress.nibis.de\/gsaos\/wp-json\/wp\/v2\/categories?post=1496"},{"taxonomy":"post_tag","embeddable":true,"href":"https:\/\/wordpress.nibis.de\/gsaos\/wp-json\/wp\/v2\/tags?post=1496"}],"curies":[{"name":"wp","href":"https:\/\/api.w.org\/{rel}","templated":true}]}}