{"id":1566,"date":"2023-07-07T16:23:47","date_gmt":"2023-07-07T14:23:47","guid":{"rendered":"https:\/\/wordpress.nibis.de\/gsaos\/?p=1566"},"modified":"2023-07-07T16:23:47","modified_gmt":"2023-07-07T14:23:47","slug":"abschlussforum-schuljahr-2022-2023","status":"publish","type":"post","link":"https:\/\/wordpress.nibis.de\/gsaos\/abschlussforum-schuljahr-2022-2023\/","title":{"rendered":"Abschlussforum Schuljahr 2022\/2023"},"content":{"rendered":"\n<p>Am letzten Dienstag vor den Ferien fand unser gro\u00dfes Abschlussforum statt.<\/p>\n<p>Zun\u00e4chst erfuhren wir, dass der F\u00f6rderverein beim Schulfest seeeeehr viele Spenden gesammelt hat. F\u00fcr unseren Wunsch des gro\u00dfen Kletterger\u00fcsts reicht es zwar nicht aus, aber daf\u00fcr kaufen wir im n\u00e4chsten Jahr einfach ein kleineres. Au\u00dferdem gab es noch Geschenke von den drei Kinderg\u00e4rten. Dankesch\u00f6n!!!<\/p>\n<p>Ein gro\u00dfes Dankesch\u00f6n ging an alle Kinder, die im Sch\u00fclerrat mitgewirkt haben.<\/p>\n<p>Ein besonderes Dankesch\u00f6n sprach Frau Wohlgemuth auch allen Lehrkr\u00e4ften, P\u00e4dagogischen Mitarbeiterinnen, unserem Hausmeister, unserer Sekret\u00e4rin, den Eltern, Schulbegleitungen, allen Helfenden in der Schule und unserer JuKos Mitarbeiterin Frau Engel aus. (Von uns an dieser Stelle nat\u00fcrlich auch ein gro\u00dfes Dankesch\u00f6n an unsere Schulleitung, die sich nat\u00fcrlich nicht selbst erw\u00e4hnt hat. \ud83d\ude42 )<\/p>\n<p>Bei aller Freude auf die Ferien, hat unser letztes Forum auch immer eine traurige Stimmung, die mitschwingt. Unsere Kinder der vierten Klasse verlassen uns und ziehen in die gro\u00dfe weite Welt der weiterf\u00fchrenden Schulen. Ihr seid bestens vorbereitet und ihr werdet euren neuen Lebensabschnitt ganz toll meistern. Wir glauben an euch und werden euch vermissen!<\/p>\n<p>Leider stand noch ein weiterer Abschied auf der Tagesordnung: Frau Akrida verl\u00e4sst die Aller-Oker-Schule. Liebe Chrissy, 10 Jahre hast du mit deiner Energie unsere Schule bereichert. Vielen Kindern hast du so viel beigebracht, mit neuen Ideen den Schulalltag vorangebracht und warst ein fester Bestandteil unseres Kollegiums. Du wirst ein gro\u00dfe L\u00fccke hinterlassen! Wir w\u00fcnschen dir von ganzem Herzen alles Gute an der neuen Schule!<\/p>\n<p>Ein Eis vom F\u00f6rderverein zum Ferienbeginn rundete unser emotionales Forum ab. Herzlichen Dank daf\u00fcr.<\/p>\n\n\n\n<div class=\"wp-block-image\"><figure class=\"aligncenter size-large\"><img decoding=\"async\" src=\"https:\/\/wordpress.nibis.de\/gsaos\/files\/2023\/07\/Ferien-424x600.jpg\" alt=\"\" class=\"wp-image-1568\" \/><\/figure><\/div>\n","protected":false},"excerpt":{"rendered":"<p>Am letzten Dienstag vor den Ferien fand unser gro\u00dfes Abschlussforum statt. Zun\u00e4chst erfuhren wir, dass der F\u00f6rderverein beim Schulfest seeeeehr viele Spenden gesammelt hat. F\u00fcr unseren Wunsch des gro\u00dfen Kletterger\u00fcsts reicht es zwar nicht aus, aber daf\u00fcr kaufen wir im &hellip; <a href=\"https:\/\/wordpress.nibis.de\/gsaos\/abschlussforum-schuljahr-2022-2023\/\">Weiterlesen <span class=\"meta-nav\">&rarr;<\/span><\/a><\/p>\n","protected":false},"author":937,"featured_media":0,"comment_status":"closed","ping_status":"closed","sticky":false,"template":"","format":"standard","meta":{"footnotes":""},"categories":[1],"tags":[],"class_list":["post-1566","post","type-post","status-publish","format-standard","hentry","category-allgemein"],"_links":{"self":[{"href":"https:\/\/wordpress.nibis.de\/gsaos\/wp-json\/wp\/v2\/posts\/1566","targetHints":{"allow":["GET"]}}],"collection":[{"href":"https:\/\/wordpress.nibis.de\/gsaos\/wp-json\/wp\/v2\/posts"}],"about":[{"href":"https:\/\/wordpress.nibis.de\/gsaos\/wp-json\/wp\/v2\/types\/post"}],"author":[{"embeddable":true,"href":"https:\/\/wordpress.nibis.de\/gsaos\/wp-json\/wp\/v2\/users\/937"}],"replies":[{"embeddable":true,"href":"https:\/\/wordpress.nibis.de\/gsaos\/wp-json\/wp\/v2\/comments?post=1566"}],"version-history":[{"count":4,"href":"https:\/\/wordpress.nibis.de\/gsaos\/wp-json\/wp\/v2\/posts\/1566\/revisions"}],"predecessor-version":[{"id":1571,"href":"https:\/\/wordpress.nibis.de\/gsaos\/wp-json\/wp\/v2\/posts\/1566\/revisions\/1571"}],"wp:attachment":[{"href":"https:\/\/wordpress.nibis.de\/gsaos\/wp-json\/wp\/v2\/media?parent=1566"}],"wp:term":[{"taxonomy":"category","embeddable":true,"href":"https:\/\/wordpress.nibis.de\/gsaos\/wp-json\/wp\/v2\/categories?post=1566"},{"taxonomy":"post_tag","embeddable":true,"href":"https:\/\/wordpress.nibis.de\/gsaos\/wp-json\/wp\/v2\/tags?post=1566"}],"curies":[{"name":"wp","href":"https:\/\/api.w.org\/{rel}","templated":true}]}}