{"id":1706,"date":"2023-12-11T18:26:33","date_gmt":"2023-12-11T17:26:33","guid":{"rendered":"https:\/\/wordpress.nibis.de\/gsaos\/?p=1706"},"modified":"2023-12-11T18:26:33","modified_gmt":"2023-12-11T17:26:33","slug":"vorlesewettbewerb-23-november-2023","status":"publish","type":"post","link":"https:\/\/wordpress.nibis.de\/gsaos\/vorlesewettbewerb-23-november-2023\/","title":{"rendered":"Vorlesewettbewerb &#8211; 23. November 2023"},"content":{"rendered":"\n<p>&#8222;Von seinen Eltern lernt man lieben, lachen, und laufen. Doch erst wenn man mit B\u00fcchern in Ber\u00fchrung kommt, entdeckt man, dass man Fl\u00fcgel hat.&#8220; <br>&#8211; Helen Hayes &#8211;<\/p>\n\n\n\n<p>Auch in diesem Jahr durften die Sch\u00fcler*innen der Jahrg\u00e4nge 2-4 ihre Motivation und Freude am Lesen sowie ihre Lesefertigkeiten im Zuge der Lesewoche und des Lesewettbewerbs unter Beweis stellen. In der Lesewoche sind die Kinder in ihren Klassen in verschiedenste Lekt\u00fcren abgetaucht und bereiteten sich gleichzeitig flei\u00dfig auf den Lesewettbewerb vor. Im Vorfeld wurde in den jeweiligen Klassen gemeinsam ermittelt, wer die drei besten Leser*innen sind und diese durften dann voller Mut und Vorfreude beim Lesewettbewerb antreten. Sowohl bei der Vorauswahl als auch bei der Auswahl durch die Jury wurden beispielsweise auf die Kriterien Betonung, Aussprache und Sicherheit beim Lesen geachtet. Anhand dieser wurden dann jeweils die Pl\u00e4tze 1-3 in den jeweiligen Jahrg\u00e4ngen ermittelt. Unsere diesj\u00e4hrige Jury setzte sich aus Frau Schweda, Frau Ackermann und Frau Querner-Weiland zusammen &#8211; an dieser Stelle einen gro\u00dfen Dank f\u00fcr Ihr Engagement und Ihren Einsatz! Bei der Siegerehrung erhielten alle drei Platzierten des jeweiligen Jahrgangs eine Urkunde sowie ein Buch. <br>Unsere Buchpreise wurden auch in diesem Jahr von dem F\u00f6rderverein gespendet und haben den Kindern eine gro\u00dfe Freude bereitet. Vielen Dank auch daf\u00fcr!<\/p>\n\n\n\n<figure class=\"wp-block-image size-large\"><img decoding=\"async\" src=\"https:\/\/wordpress.nibis.de\/gsaos\/files\/2023\/12\/IMG_5853-800x600.jpeg\" alt=\"\" class=\"wp-image-1708\" \/><\/figure>\n","protected":false},"excerpt":{"rendered":"<p>&#8222;Von seinen Eltern lernt man lieben, lachen, und laufen. Doch erst wenn man mit B\u00fcchern in Ber\u00fchrung kommt, entdeckt man, dass man Fl\u00fcgel hat.&#8220; &#8211; Helen Hayes &#8211; Auch in diesem Jahr durften die Sch\u00fcler*innen der Jahrg\u00e4nge 2-4 ihre Motivation &hellip; <a href=\"https:\/\/wordpress.nibis.de\/gsaos\/vorlesewettbewerb-23-november-2023\/\">Weiterlesen <span class=\"meta-nav\">&rarr;<\/span><\/a><\/p>\n","protected":false},"author":937,"featured_media":0,"comment_status":"closed","ping_status":"closed","sticky":false,"template":"","format":"standard","meta":{"footnotes":""},"categories":[1],"tags":[],"class_list":["post-1706","post","type-post","status-publish","format-standard","hentry","category-allgemein"],"_links":{"self":[{"href":"https:\/\/wordpress.nibis.de\/gsaos\/wp-json\/wp\/v2\/posts\/1706","targetHints":{"allow":["GET"]}}],"collection":[{"href":"https:\/\/wordpress.nibis.de\/gsaos\/wp-json\/wp\/v2\/posts"}],"about":[{"href":"https:\/\/wordpress.nibis.de\/gsaos\/wp-json\/wp\/v2\/types\/post"}],"author":[{"embeddable":true,"href":"https:\/\/wordpress.nibis.de\/gsaos\/wp-json\/wp\/v2\/users\/937"}],"replies":[{"embeddable":true,"href":"https:\/\/wordpress.nibis.de\/gsaos\/wp-json\/wp\/v2\/comments?post=1706"}],"version-history":[{"count":2,"href":"https:\/\/wordpress.nibis.de\/gsaos\/wp-json\/wp\/v2\/posts\/1706\/revisions"}],"predecessor-version":[{"id":1709,"href":"https:\/\/wordpress.nibis.de\/gsaos\/wp-json\/wp\/v2\/posts\/1706\/revisions\/1709"}],"wp:attachment":[{"href":"https:\/\/wordpress.nibis.de\/gsaos\/wp-json\/wp\/v2\/media?parent=1706"}],"wp:term":[{"taxonomy":"category","embeddable":true,"href":"https:\/\/wordpress.nibis.de\/gsaos\/wp-json\/wp\/v2\/categories?post=1706"},{"taxonomy":"post_tag","embeddable":true,"href":"https:\/\/wordpress.nibis.de\/gsaos\/wp-json\/wp\/v2\/tags?post=1706"}],"curies":[{"name":"wp","href":"https:\/\/api.w.org\/{rel}","templated":true}]}}