{"id":1733,"date":"2024-02-08T05:32:36","date_gmt":"2024-02-08T04:32:36","guid":{"rendered":"https:\/\/wordpress.nibis.de\/gsaos\/?p=1733"},"modified":"2024-02-08T05:32:36","modified_gmt":"2024-02-08T04:32:36","slug":"vielsaitig-zu-gast-im-klassenzimmer-catrin-anne-wiechern-und-claas-johann-voss-vom-ensemble-streetspirit-begeistern-im-musikunterricht-30-11-2023","status":"publish","type":"post","link":"https:\/\/wordpress.nibis.de\/gsaos\/vielsaitig-zu-gast-im-klassenzimmer-catrin-anne-wiechern-und-claas-johann-voss-vom-ensemble-streetspirit-begeistern-im-musikunterricht-30-11-2023\/","title":{"rendered":"\u201eVielsaitig zu Gast im Klassenzimmer\u201c &#8211; Catrin Anne Wiechern und Claas-Johann Vo\u00df vom Ensemble StreetSpirit begeistern im Musikunterricht 30.11.2023"},"content":{"rendered":"\n<p>Am Donnerstag, den 30.11.2023 hatte die Aller-Oker-Schule besonderen musikalischen Besuch. Im Rahmen der Aktion &#8222;Vielsaitig zu Gast im Klassenzimmer&#8220; des Musikland Niedersachsen durfte der 3. Jahrgang am Musikunterricht mit echten Profis teilnehmen. Catrin Anne Wiechern und Claas-Johann Vo\u00df vom Ensemble StreetSpirit standen im Mittelpunkt dieser Veranstaltung.<\/p>\n\n\n\n<p>Seit 2014 f\u00fchrt \u201eMusikland Niedersachsen\u201c, das durch das Aktionsprogramm HAUPTSACHE:MUSIK des Nieders\u00e4chsischen Kultusministeriums und der NORD\/LB Kulturstiftung gef\u00f6rdert wird, das schulische Musikvermittlungsprogramm &#8222;Zu Gast im Klassenzimmer&#8220; j\u00e4hrlich unter einem anderen thematischen Schwerpunkt durch. Da 2023 die Mandoline bundesweit zum &#8222;Instrument des Jahres&#8220; gek\u00fcrt wurde, hat es sich Musikland Niedersachsen auf die Fahne geschrieben, die Vielfalt von Saiten- und Zupfinstrumenten in den Fokus der musikalischen Bildung zu r\u00fccken. Catrin Anne Wiechern und Claas-Johann Vo\u00df brachten zahlreiche Instrumente, wie Geige, Cello, Fl\u00f6te E-Gitarre mit und pr\u00e4sentieren diese den Kindern. Die Sch\u00fclerinnen und Sch\u00fcler der 3. Klassen hatten die M\u00f6glichkeit, aktiv an der musikalischen Erfahrung teilzunehmen. Im Verlauf des Unterrichts konnten die Kinder nicht nur zuh\u00f6ren, sondern auch ihr Wissen in einem Quiz beweisen. Es wurde gesungen, getanzt und gelacht. Die Rockmusik und die Autogrammkarten stellen zum Schluss den H\u00f6hepunkt des Besuchs dar.<\/p>\n\n\n\n<p>Wir bedanken uns ganz herzlich bei Catrin Anne Wiechern und Claas-Johann Vo\u00df!<\/p>\n\n\n\n<p><\/p>\n\n\n\n<figure class=\"wp-block-gallery has-nested-images columns-default is-cropped wp-block-gallery-1 is-layout-flex wp-block-gallery-is-layout-flex\">\n<figure class=\"wp-block-image size-large\"><img loading=\"lazy\" decoding=\"async\" width=\"502\" height=\"600\" data-id=\"1734\" src=\"https:\/\/wordpress.nibis.de\/gsaos\/files\/2024\/02\/20240207_181245-502x600.jpg\" alt=\"\" class=\"wp-image-1734\" srcset=\"https:\/\/wordpress.nibis.de\/gsaos\/files\/2024\/02\/20240207_181245-502x600.jpg 502w, https:\/\/wordpress.nibis.de\/gsaos\/files\/2024\/02\/20240207_181245-251x300.jpg 251w, https:\/\/wordpress.nibis.de\/gsaos\/files\/2024\/02\/20240207_181245-1284x1536.jpg 1284w, https:\/\/wordpress.nibis.de\/gsaos\/files\/2024\/02\/20240207_181245-1713x2048.jpg 1713w\" sizes=\"auto, (max-width: 502px) 100vw, 502px\" \/><\/figure>\n\n\n\n<figure class=\"wp-block-image size-large\"><img decoding=\"async\" data-id=\"1736\" src=\"https:\/\/wordpress.nibis.de\/gsaos\/files\/2024\/02\/20231130_104225-450x600.jpg\" alt=\"\" class=\"wp-image-1736\" \/><\/figure>\n<\/figure>\n\n\n\n<figure class=\"wp-block-image size-large\"><img loading=\"lazy\" decoding=\"async\" width=\"800\" height=\"564\" src=\"https:\/\/wordpress.nibis.de\/gsaos\/files\/2024\/02\/Danke-800x564.jpg\" alt=\"\" class=\"wp-image-1735\" srcset=\"https:\/\/wordpress.nibis.de\/gsaos\/files\/2024\/02\/Danke-800x564.jpg 800w, https:\/\/wordpress.nibis.de\/gsaos\/files\/2024\/02\/Danke-300x211.jpg 300w, https:\/\/wordpress.nibis.de\/gsaos\/files\/2024\/02\/Danke-1536x1082.jpg 1536w, https:\/\/wordpress.nibis.de\/gsaos\/files\/2024\/02\/Danke-2048x1443.jpg 2048w\" sizes=\"auto, (max-width: 800px) 100vw, 800px\" \/><\/figure>\n\n\n\n<figure class=\"wp-block-image size-large\"><img decoding=\"async\" src=\"https:\/\/wordpress.nibis.de\/gsaos\/files\/2024\/02\/20231130_110820-1-800x600.jpg\" alt=\"\" class=\"wp-image-1738\" \/><\/figure>\n","protected":false},"excerpt":{"rendered":"<p>Am Donnerstag, den 30.11.2023 hatte die Aller-Oker-Schule besonderen musikalischen Besuch. Im Rahmen der Aktion &#8222;Vielsaitig zu Gast im Klassenzimmer&#8220; des Musikland Niedersachsen durfte der 3. Jahrgang am Musikunterricht mit echten Profis teilnehmen. Catrin Anne Wiechern und Claas-Johann Vo\u00df vom Ensemble &hellip; <a href=\"https:\/\/wordpress.nibis.de\/gsaos\/vielsaitig-zu-gast-im-klassenzimmer-catrin-anne-wiechern-und-claas-johann-voss-vom-ensemble-streetspirit-begeistern-im-musikunterricht-30-11-2023\/\">Weiterlesen <span class=\"meta-nav\">&rarr;<\/span><\/a><\/p>\n","protected":false},"author":937,"featured_media":0,"comment_status":"closed","ping_status":"closed","sticky":false,"template":"","format":"standard","meta":{"footnotes":""},"categories":[1],"tags":[],"class_list":["post-1733","post","type-post","status-publish","format-standard","hentry","category-allgemein"],"_links":{"self":[{"href":"https:\/\/wordpress.nibis.de\/gsaos\/wp-json\/wp\/v2\/posts\/1733","targetHints":{"allow":["GET"]}}],"collection":[{"href":"https:\/\/wordpress.nibis.de\/gsaos\/wp-json\/wp\/v2\/posts"}],"about":[{"href":"https:\/\/wordpress.nibis.de\/gsaos\/wp-json\/wp\/v2\/types\/post"}],"author":[{"embeddable":true,"href":"https:\/\/wordpress.nibis.de\/gsaos\/wp-json\/wp\/v2\/users\/937"}],"replies":[{"embeddable":true,"href":"https:\/\/wordpress.nibis.de\/gsaos\/wp-json\/wp\/v2\/comments?post=1733"}],"version-history":[{"count":1,"href":"https:\/\/wordpress.nibis.de\/gsaos\/wp-json\/wp\/v2\/posts\/1733\/revisions"}],"predecessor-version":[{"id":1739,"href":"https:\/\/wordpress.nibis.de\/gsaos\/wp-json\/wp\/v2\/posts\/1733\/revisions\/1739"}],"wp:attachment":[{"href":"https:\/\/wordpress.nibis.de\/gsaos\/wp-json\/wp\/v2\/media?parent=1733"}],"wp:term":[{"taxonomy":"category","embeddable":true,"href":"https:\/\/wordpress.nibis.de\/gsaos\/wp-json\/wp\/v2\/categories?post=1733"},{"taxonomy":"post_tag","embeddable":true,"href":"https:\/\/wordpress.nibis.de\/gsaos\/wp-json\/wp\/v2\/tags?post=1733"}],"curies":[{"name":"wp","href":"https:\/\/api.w.org\/{rel}","templated":true}]}}