{"id":1746,"date":"2024-03-02T19:00:08","date_gmt":"2024-03-02T18:00:08","guid":{"rendered":"https:\/\/wordpress.nibis.de\/gsaos\/?p=1746"},"modified":"2024-03-02T19:00:08","modified_gmt":"2024-03-02T18:00:08","slug":"junge-oper-zu-gast-in-der-aller-oker-schule","status":"publish","type":"post","link":"https:\/\/wordpress.nibis.de\/gsaos\/junge-oper-zu-gast-in-der-aller-oker-schule\/","title":{"rendered":"Junge Oper zu Gast in der Aller-Oker-Schule"},"content":{"rendered":"\n<p>Die Junge Oper begeisterte am 07.02.2024 die Kinder der Aller-Oker-Schule in einem Gastspiel mit der Oper &#8222;H\u00e4nsel und Gretel&#8220; von Engelbert Humperdinck. Unter dem Motto &#8222;Wir warten nicht darauf, dass die Kinder zu uns kommen, wir kommen direkt zu ihnen.&#8220; besuchten uns die Darsteller*innen in der Aula unserer Schule und begeisterten Kinder, Kollegium und F\u00f6rderverein mit einer Mitmachoper. Zwei Sch\u00fcler \u00fcbernahmen die Rolle des Sandm\u00e4nnchens und des Taum\u00e4nnchens und acht weitere Sch\u00fclerinnen und Sch\u00fcler besch\u00fctzten als Engel H\u00e4nsel und Gretel. Frau Marris wurde spontan in die Rolle der Mutter gesteckt und drei zuvor im Unterricht einge\u00fcbte Lieder wurden gemeinsam gesungen und getanzt. Gespannt verfolgten die Sch\u00fclerinnen und Sch\u00fcler die abwechslungsreich gestaltete Geschichte von H\u00e4nsel und Gretel, die sich im Wald verlaufen und auf die Knusperhexe treffen. Erm\u00f6glicht wurde diese Veranstaltung durch den Schulf\u00f6rderverein, der die Kosten daf\u00fcr komplett \u00fcbernommen hatte. Daf\u00fcr gab es als Dankesch\u00f6n einen Riesenapplaus der Schulkinder und Lehrkr\u00e4fte. Au\u00dferdem war zu diesem Termin auch die langj\u00e4hrige Vorsitzende, die ebenfalls auch Gr\u00fcndungsmitglied des F\u00f6rdervereins war, Frau Mehrbrot, eingeladen. Sie wurde im Vorfeld noch einmal geehrt und ihre Dienste und ihr langj\u00e4hriger Einsatz f\u00fcr den F\u00f6rderverein und damit auch untrennbar f\u00fcr das Lehrschwimmbecken der Schule wurden hervorgehoben. Auch daf\u00fcr gab es von allen Anwesenden einen gro\u00dfen Applaus. Die Oper war auf besonderen Wunsch und als \u00dcberraschungs-Dankesch\u00f6n organisiert. So war es eine rundum gelungene Veranstaltung f\u00fcr alle Beteiligten.<\/p>\n\n\n\n<p><\/p>\n\n\n\n<figure class=\"wp-block-gallery has-nested-images columns-default is-cropped wp-block-gallery-1 is-layout-flex wp-block-gallery-is-layout-flex\">\n<figure class=\"wp-block-image size-large\"><img loading=\"lazy\" decoding=\"async\" width=\"2560\" height=\"2315\" data-id=\"1747\" src=\"https:\/\/wordpress.nibis.de\/gsaos\/files\/2024\/03\/20240207_090515-scaled.jpg\" alt=\"\" class=\"wp-image-1747\" srcset=\"https:\/\/wordpress.nibis.de\/gsaos\/files\/2024\/03\/20240207_090515-scaled.jpg 2560w, https:\/\/wordpress.nibis.de\/gsaos\/files\/2024\/03\/20240207_090515-300x271.jpg 300w, https:\/\/wordpress.nibis.de\/gsaos\/files\/2024\/03\/20240207_090515-664x600.jpg 664w, https:\/\/wordpress.nibis.de\/gsaos\/files\/2024\/03\/20240207_090515-1536x1389.jpg 1536w, https:\/\/wordpress.nibis.de\/gsaos\/files\/2024\/03\/20240207_090515-2048x1852.jpg 2048w\" sizes=\"auto, (max-width: 2560px) 100vw, 2560px\" \/><\/figure>\n\n\n\n<figure class=\"wp-block-image size-large\"><img loading=\"lazy\" decoding=\"async\" width=\"2560\" height=\"1822\" data-id=\"1748\" src=\"https:\/\/wordpress.nibis.de\/gsaos\/files\/2024\/03\/20240207_085444-scaled.jpg\" alt=\"\" class=\"wp-image-1748\" srcset=\"https:\/\/wordpress.nibis.de\/gsaos\/files\/2024\/03\/20240207_085444-scaled.jpg 2560w, https:\/\/wordpress.nibis.de\/gsaos\/files\/2024\/03\/20240207_085444-300x214.jpg 300w, https:\/\/wordpress.nibis.de\/gsaos\/files\/2024\/03\/20240207_085444-800x569.jpg 800w, https:\/\/wordpress.nibis.de\/gsaos\/files\/2024\/03\/20240207_085444-1536x1093.jpg 1536w, https:\/\/wordpress.nibis.de\/gsaos\/files\/2024\/03\/20240207_085444-2048x1458.jpg 2048w\" sizes=\"auto, (max-width: 2560px) 100vw, 2560px\" \/><\/figure>\n\n\n\n<figure class=\"wp-block-image size-large\"><img loading=\"lazy\" decoding=\"async\" width=\"2560\" height=\"1281\" data-id=\"1749\" src=\"https:\/\/wordpress.nibis.de\/gsaos\/files\/2024\/03\/20240207_091501-scaled.jpg\" alt=\"\" class=\"wp-image-1749\" srcset=\"https:\/\/wordpress.nibis.de\/gsaos\/files\/2024\/03\/20240207_091501-scaled.jpg 2560w, https:\/\/wordpress.nibis.de\/gsaos\/files\/2024\/03\/20240207_091501-300x150.jpg 300w, https:\/\/wordpress.nibis.de\/gsaos\/files\/2024\/03\/20240207_091501-800x400.jpg 800w, https:\/\/wordpress.nibis.de\/gsaos\/files\/2024\/03\/20240207_091501-1536x769.jpg 1536w, https:\/\/wordpress.nibis.de\/gsaos\/files\/2024\/03\/20240207_091501-2048x1025.jpg 2048w\" sizes=\"auto, (max-width: 2560px) 100vw, 2560px\" \/><\/figure>\n<\/figure>\n","protected":false},"excerpt":{"rendered":"<p>Die Junge Oper begeisterte am 07.02.2024 die Kinder der Aller-Oker-Schule in einem Gastspiel mit der Oper &#8222;H\u00e4nsel und Gretel&#8220; von Engelbert Humperdinck. Unter dem Motto &#8222;Wir warten nicht darauf, dass die Kinder zu uns kommen, wir kommen direkt zu ihnen.&#8220; &hellip; <a href=\"https:\/\/wordpress.nibis.de\/gsaos\/junge-oper-zu-gast-in-der-aller-oker-schule\/\">Weiterlesen <span class=\"meta-nav\">&rarr;<\/span><\/a><\/p>\n","protected":false},"author":937,"featured_media":0,"comment_status":"closed","ping_status":"closed","sticky":false,"template":"","format":"standard","meta":{"footnotes":""},"categories":[1],"tags":[],"class_list":["post-1746","post","type-post","status-publish","format-standard","hentry","category-allgemein"],"_links":{"self":[{"href":"https:\/\/wordpress.nibis.de\/gsaos\/wp-json\/wp\/v2\/posts\/1746","targetHints":{"allow":["GET"]}}],"collection":[{"href":"https:\/\/wordpress.nibis.de\/gsaos\/wp-json\/wp\/v2\/posts"}],"about":[{"href":"https:\/\/wordpress.nibis.de\/gsaos\/wp-json\/wp\/v2\/types\/post"}],"author":[{"embeddable":true,"href":"https:\/\/wordpress.nibis.de\/gsaos\/wp-json\/wp\/v2\/users\/937"}],"replies":[{"embeddable":true,"href":"https:\/\/wordpress.nibis.de\/gsaos\/wp-json\/wp\/v2\/comments?post=1746"}],"version-history":[{"count":1,"href":"https:\/\/wordpress.nibis.de\/gsaos\/wp-json\/wp\/v2\/posts\/1746\/revisions"}],"predecessor-version":[{"id":1750,"href":"https:\/\/wordpress.nibis.de\/gsaos\/wp-json\/wp\/v2\/posts\/1746\/revisions\/1750"}],"wp:attachment":[{"href":"https:\/\/wordpress.nibis.de\/gsaos\/wp-json\/wp\/v2\/media?parent=1746"}],"wp:term":[{"taxonomy":"category","embeddable":true,"href":"https:\/\/wordpress.nibis.de\/gsaos\/wp-json\/wp\/v2\/categories?post=1746"},{"taxonomy":"post_tag","embeddable":true,"href":"https:\/\/wordpress.nibis.de\/gsaos\/wp-json\/wp\/v2\/tags?post=1746"}],"curies":[{"name":"wp","href":"https:\/\/api.w.org\/{rel}","templated":true}]}}