{"id":1811,"date":"2024-08-19T18:33:17","date_gmt":"2024-08-19T16:33:17","guid":{"rendered":"https:\/\/wordpress.nibis.de\/gsaos\/?p=1811"},"modified":"2024-08-19T18:33:17","modified_gmt":"2024-08-19T16:33:17","slug":"ende-der-saison-im-lehrschwimmbecken","status":"publish","type":"post","link":"https:\/\/wordpress.nibis.de\/gsaos\/ende-der-saison-im-lehrschwimmbecken\/","title":{"rendered":"Ende der Saison im Lehrschwimmbecken"},"content":{"rendered":"\n<p>Hallo liebe Eltern!<\/p>\n\n\n\n<p>Aus betriebsbedingten Gr\u00fcnden endet die Saison im Lehrschwimmbecken bereits zum 30.08.24 und somit auch die Badenachmittage inkl. Aufsicht und die Wassergymnastik. Bis zum Saisonende \u00f6ffnet das Lehrschwimmbecken weiter 15:30-17:30 (Montag-Freitag). Nutzt noch mal die Gelegenheit.<\/p>\n\n\n\n<p>Viele Gr\u00fc\u00dfe<\/p>\n\n\n\n<p>Euer Vorstand des Schulf\u00f6rdervereins M\u00fcden\/ Aller e.V.<\/p>\n","protected":false},"excerpt":{"rendered":"<p>Hallo liebe Eltern! Aus betriebsbedingten Gr\u00fcnden endet die Saison im Lehrschwimmbecken bereits zum 30.08.24 und somit auch die Badenachmittage inkl. Aufsicht und die Wassergymnastik. Bis zum Saisonende \u00f6ffnet das Lehrschwimmbecken weiter 15:30-17:30 (Montag-Freitag). Nutzt noch mal die Gelegenheit. Viele Gr\u00fc\u00dfe &hellip; <a href=\"https:\/\/wordpress.nibis.de\/gsaos\/ende-der-saison-im-lehrschwimmbecken\/\">Weiterlesen <span class=\"meta-nav\">&rarr;<\/span><\/a><\/p>\n","protected":false},"author":937,"featured_media":0,"comment_status":"closed","ping_status":"closed","sticky":false,"template":"","format":"standard","meta":{"footnotes":""},"categories":[1],"tags":[],"class_list":["post-1811","post","type-post","status-publish","format-standard","hentry","category-allgemein"],"_links":{"self":[{"href":"https:\/\/wordpress.nibis.de\/gsaos\/wp-json\/wp\/v2\/posts\/1811","targetHints":{"allow":["GET"]}}],"collection":[{"href":"https:\/\/wordpress.nibis.de\/gsaos\/wp-json\/wp\/v2\/posts"}],"about":[{"href":"https:\/\/wordpress.nibis.de\/gsaos\/wp-json\/wp\/v2\/types\/post"}],"author":[{"embeddable":true,"href":"https:\/\/wordpress.nibis.de\/gsaos\/wp-json\/wp\/v2\/users\/937"}],"replies":[{"embeddable":true,"href":"https:\/\/wordpress.nibis.de\/gsaos\/wp-json\/wp\/v2\/comments?post=1811"}],"version-history":[{"count":1,"href":"https:\/\/wordpress.nibis.de\/gsaos\/wp-json\/wp\/v2\/posts\/1811\/revisions"}],"predecessor-version":[{"id":1812,"href":"https:\/\/wordpress.nibis.de\/gsaos\/wp-json\/wp\/v2\/posts\/1811\/revisions\/1812"}],"wp:attachment":[{"href":"https:\/\/wordpress.nibis.de\/gsaos\/wp-json\/wp\/v2\/media?parent=1811"}],"wp:term":[{"taxonomy":"category","embeddable":true,"href":"https:\/\/wordpress.nibis.de\/gsaos\/wp-json\/wp\/v2\/categories?post=1811"},{"taxonomy":"post_tag","embeddable":true,"href":"https:\/\/wordpress.nibis.de\/gsaos\/wp-json\/wp\/v2\/tags?post=1811"}],"curies":[{"name":"wp","href":"https:\/\/api.w.org\/{rel}","templated":true}]}}