{"id":1835,"date":"2024-11-04T17:08:39","date_gmt":"2024-11-04T16:08:39","guid":{"rendered":"https:\/\/wordpress.nibis.de\/gsaos\/?p=1835"},"modified":"2024-11-04T17:08:39","modified_gmt":"2024-11-04T16:08:39","slug":"auf-dem-weg-zur-kinderrechteschule-unterstuetzung-durch-den-foerderverein","status":"publish","type":"post","link":"https:\/\/wordpress.nibis.de\/gsaos\/auf-dem-weg-zur-kinderrechteschule-unterstuetzung-durch-den-foerderverein\/","title":{"rendered":"Auf dem Weg zur Kinderrechteschule \u2013 Unterst\u00fctzung durch den F\u00f6rderverein"},"content":{"rendered":"\n<p>Auf unserem Weg zur unicef-Kinderrechteschule wurde in den letzten Monaten die 3. Stufe mit dem Thema: Vielfalt, Antdiskriminierung, Chancengleichheit und Toleranz erarbeitet und Anfang Oktober abgeschlossen.<\/p>\n\n\n\n<p>Und auch in dieser Stufe unterst\u00fctzte der Schulf\u00f6rderverein viele Projekte. So wurden f\u00fcr alle Klassen Hautfarbe-Buntstifte angeschafft und am 26. September \u00fcberreichte Frau Krug vom F\u00f6rderverein der Schule eine gro\u00dfe B\u00fccherkiste zum Thema Kinderrechte. Dar\u00fcber freuten sich nicht nur der Schulkinderrat mit Frau Loesch, Frau Glaser und Frau Wohlgemuth, sondern alle Sch\u00fclerinnen und Sch\u00fcler und das Kollegium bedankten sich mit einem gro\u00dfen Applaus. Denn die \u00dcbergabe fand im Rahmen eines Forums statt, bei dem alle Sch\u00fclerinnen und Sch\u00fcler der Schule versammelt waren. Zuvor stellte der Schulkinderrat wichtige Punkte der Sch\u00fclerinnen und Sch\u00fcler zum Thema Vielfalt vor und in der Pausenhalle wurde eine S\u00e4ule f\u00fcr Informationen der Schulkinder zu den Kinderrechten er\u00f6ffnet.<\/p>\n\n\n\n<p><\/p>\n\n\n\n<figure class=\"wp-block-image size-large\"><img decoding=\"async\" src=\"https:\/\/wordpress.nibis.de\/gsaos\/files\/2024\/11\/Foto-Spenden-Fo\u0308rderverein-800x600.jpg\" alt=\"\" class=\"wp-image-1836\" \/><\/figure>\n\n\n","protected":false},"excerpt":{"rendered":"<p>Auf unserem Weg zur unicef-Kinderrechteschule wurde in den letzten Monaten die 3. Stufe mit dem Thema: Vielfalt, Antdiskriminierung, Chancengleichheit und Toleranz erarbeitet und Anfang Oktober abgeschlossen. Und auch in dieser Stufe unterst\u00fctzte der Schulf\u00f6rderverein viele Projekte. So wurden f\u00fcr alle &hellip; <a href=\"https:\/\/wordpress.nibis.de\/gsaos\/auf-dem-weg-zur-kinderrechteschule-unterstuetzung-durch-den-foerderverein\/\">Weiterlesen <span class=\"meta-nav\">&rarr;<\/span><\/a><\/p>\n","protected":false},"author":937,"featured_media":0,"comment_status":"closed","ping_status":"closed","sticky":false,"template":"","format":"standard","meta":{"footnotes":""},"categories":[1],"tags":[],"class_list":["post-1835","post","type-post","status-publish","format-standard","hentry","category-allgemein"],"_links":{"self":[{"href":"https:\/\/wordpress.nibis.de\/gsaos\/wp-json\/wp\/v2\/posts\/1835","targetHints":{"allow":["GET"]}}],"collection":[{"href":"https:\/\/wordpress.nibis.de\/gsaos\/wp-json\/wp\/v2\/posts"}],"about":[{"href":"https:\/\/wordpress.nibis.de\/gsaos\/wp-json\/wp\/v2\/types\/post"}],"author":[{"embeddable":true,"href":"https:\/\/wordpress.nibis.de\/gsaos\/wp-json\/wp\/v2\/users\/937"}],"replies":[{"embeddable":true,"href":"https:\/\/wordpress.nibis.de\/gsaos\/wp-json\/wp\/v2\/comments?post=1835"}],"version-history":[{"count":1,"href":"https:\/\/wordpress.nibis.de\/gsaos\/wp-json\/wp\/v2\/posts\/1835\/revisions"}],"predecessor-version":[{"id":1837,"href":"https:\/\/wordpress.nibis.de\/gsaos\/wp-json\/wp\/v2\/posts\/1835\/revisions\/1837"}],"wp:attachment":[{"href":"https:\/\/wordpress.nibis.de\/gsaos\/wp-json\/wp\/v2\/media?parent=1835"}],"wp:term":[{"taxonomy":"category","embeddable":true,"href":"https:\/\/wordpress.nibis.de\/gsaos\/wp-json\/wp\/v2\/categories?post=1835"},{"taxonomy":"post_tag","embeddable":true,"href":"https:\/\/wordpress.nibis.de\/gsaos\/wp-json\/wp\/v2\/tags?post=1835"}],"curies":[{"name":"wp","href":"https:\/\/api.w.org\/{rel}","templated":true}]}}