{"id":1227,"date":"2020-10-25T17:55:24","date_gmt":"2020-10-25T16:55:24","guid":{"rendered":"https:\/\/wordpress.nibis.de\/gsbadnenndorf\/?p=1227"},"modified":"2021-01-12T21:49:47","modified_gmt":"2021-01-12T20:49:47","slug":"schulstart-nach-den-herbstferien","status":"publish","type":"post","link":"https:\/\/wordpress.nibis.de\/gsbadnenndorf\/2020\/10\/25\/schulstart-nach-den-herbstferien\/","title":{"rendered":"Schulstart nach den Herbstferien &#8211; Update Corona in Schulen 30.10.2020"},"content":{"rendered":"<p><img loading=\"lazy\" decoding=\"async\" class=\"wp-image-934 alignnone\" src=\"https:\/\/wordpress.nibis.de\/gsbadnenndorf\/files\/2020\/03\/20180314144739-2d10520e-sm.jpg\" alt=\"\" width=\"177\" height=\"159\" srcset=\"https:\/\/wordpress.nibis.de\/gsbadnenndorf\/files\/2020\/03\/20180314144739-2d10520e-sm.jpg 480w, https:\/\/wordpress.nibis.de\/gsbadnenndorf\/files\/2020\/03\/20180314144739-2d10520e-sm-300x270.jpg 300w\" sizes=\"auto, (max-width: 177px) 100vw, 177px\" \/><\/p>\n<h4><span style=\"color: #ff0000\">Update 30.10.2020<\/span><\/h4>\n<p><span style=\"color: #000000\">Am Montag, 02.11.2020 tritt die neue Nieders\u00e4chsische Corona-Verordnung in Kraft.<\/span><\/p>\n<p>Das nieders\u00e4chsische Kultusministerium hat auch die Verordnung f\u00fcr die Schulen angepasst.<\/p>\n<p>In dem <a href=\"https:\/\/wordpress.nibis.de\/gsbadnenndorf\/files\/2020\/10\/2020-10-30_Brief_an_Eltern_und_Erziehungsberechtigte.pdf\" target=\"_blank\" rel=\"noopener noreferrer\">Brief an Eltern und Erziehungsberechtigte<\/a> werden die \u00c4nderungen erl\u00e4utert.<\/p>\n<p>Zur Veranschaulichung hat das nieders\u00e4chsische Kultusministerium ein\u00a0 <a href=\"https:\/\/wordpress.nibis.de\/gsbadnenndorf\/files\/2020\/10\/2020-10-30_Schaubild_Regelungen_f_r_Schulen_neue_VO.pdf\" target=\"_blank\" rel=\"noopener noreferrer\">Schaubild der neuen Regelungen<\/a>\u00a0\u00a0 erstellt.<\/p>\n<p><strong>Hinweis: <\/strong>Der Wechsel in Szenario B erfolgt laut der neuen Verordnung wenn der Inzidenzwert \u00fcber 100 steigt <strong>und <\/strong>das Gesundheitsamt entsprechende Ma\u00dfnahmen festlegt.<\/p>\n<h4><span style=\"color: #ff0000\">25.10.2020<\/span><\/h4>\n<p>Am Montag, den 26.10.2020 starten wir in das 2. Quartal des Schuljahres.<\/p>\n<p>Nachfolgend finden Sie Informationen zum Schulstart nach den Herbstferien.<\/p>\n<p><a href=\"https:\/\/wordpress.nibis.de\/gsbadnenndorf\/files\/2020\/10\/Start-ins-2.-Quartal-1020.pdf\" target=\"_blank\" rel=\"noopener noreferrer\">Elternbrief unserer Schulleitung<\/a><\/p>\n<p><a href=\"https:\/\/wordpress.nibis.de\/gsbadnenndorf\/files\/2020\/10\/2020-10-22_Brief_an_die_Eltern.pdf\">Minsterbrief an Eltern und Erziehungsberechtigte<\/a><\/p>\n<p><a href=\"https:\/\/wordpress.nibis.de\/gsbadnenndorf\/files\/2020\/10\/Infos_Vulnerable_Angehrige.pdf\" target=\"_blank\" rel=\"noopener noreferrer\">Informationen zur Befreiung vom Pr\u00e4senzunterricht f\u00fcr Sch\u00fclerinnen und Sch\u00fcler, die mit vulnerablen Angeh\u00f6rigen in h\u00e4uslicher Gemeinschaft leben<\/a><\/p>\n<p><a href=\"https:\/\/wordpress.nibis.de\/gsbadnenndorf\/files\/2020\/10\/Antrag_Vulnerable_Angehrige.pdf\" target=\"_blank\" rel=\"noopener noreferrer\">Antrag auf Befreiung vom Pr\u00e4senzunterricht im H\u00e4rtefall (vulnerable Angeh\u00f6rige)<\/a><\/p>\n<p>Aktuelle Informationen zum Coronavirus, z. B. die Inzidenz-Ampel, die Vorschriften der Landesregierung und die Nummer der Corona-Hotline, finden Sie unter <a href=\"https:\/\/www.niedersachsen.de\/Coronavirus\" target=\"_blank\" rel=\"noopener noreferrer\">www.niedersachsen.de\/Coronavirus<\/a>.<\/p>\n<p>Bitte bleiben Sie gesund!<\/p>\n<p>&nbsp;<\/p>\n","protected":false},"excerpt":{"rendered":"<p>Update 30.10.2020 Am Montag, 02.11.2020 tritt die neue Nieders\u00e4chsische Corona-Verordnung in Kraft. Das nieders\u00e4chsische Kultusministerium hat auch die Verordnung f\u00fcr die Schulen angepasst. In dem Brief an Eltern und Erziehungsberechtigte werden die \u00c4nderungen erl\u00e4utert. Zur Veranschaulichung hat das nieders\u00e4chsische Kultusministerium ein\u00a0 Schaubild der neuen Regelungen\u00a0\u00a0 erstellt. Hinweis: Der Wechsel in Szenario B erfolgt laut der [&hellip;]<\/p>\n","protected":false},"author":9192746,"featured_media":0,"comment_status":"closed","ping_status":"closed","sticky":false,"template":"","format":"standard","meta":{"footnotes":""},"categories":[22],"tags":[],"class_list":["post-1227","post","type-post","status-publish","format-standard","hentry","category-hinweise-und-meldungen-2020-2021"],"_links":{"self":[{"href":"https:\/\/wordpress.nibis.de\/gsbadnenndorf\/wp-json\/wp\/v2\/posts\/1227","targetHints":{"allow":["GET"]}}],"collection":[{"href":"https:\/\/wordpress.nibis.de\/gsbadnenndorf\/wp-json\/wp\/v2\/posts"}],"about":[{"href":"https:\/\/wordpress.nibis.de\/gsbadnenndorf\/wp-json\/wp\/v2\/types\/post"}],"author":[{"embeddable":true,"href":"https:\/\/wordpress.nibis.de\/gsbadnenndorf\/wp-json\/wp\/v2\/users\/9192746"}],"replies":[{"embeddable":true,"href":"https:\/\/wordpress.nibis.de\/gsbadnenndorf\/wp-json\/wp\/v2\/comments?post=1227"}],"version-history":[{"count":8,"href":"https:\/\/wordpress.nibis.de\/gsbadnenndorf\/wp-json\/wp\/v2\/posts\/1227\/revisions"}],"predecessor-version":[{"id":1236,"href":"https:\/\/wordpress.nibis.de\/gsbadnenndorf\/wp-json\/wp\/v2\/posts\/1227\/revisions\/1236"}],"wp:attachment":[{"href":"https:\/\/wordpress.nibis.de\/gsbadnenndorf\/wp-json\/wp\/v2\/media?parent=1227"}],"wp:term":[{"taxonomy":"category","embeddable":true,"href":"https:\/\/wordpress.nibis.de\/gsbadnenndorf\/wp-json\/wp\/v2\/categories?post=1227"},{"taxonomy":"post_tag","embeddable":true,"href":"https:\/\/wordpress.nibis.de\/gsbadnenndorf\/wp-json\/wp\/v2\/tags?post=1227"}],"curies":[{"name":"wp","href":"https:\/\/api.w.org\/{rel}","templated":true}]}}