{"id":4009,"date":"2023-10-10T13:55:00","date_gmt":"2023-10-10T11:55:00","guid":{"rendered":"https:\/\/wordpress.nibis.de\/gsbernhard\/?p=4009"},"modified":"2023-10-10T14:19:05","modified_gmt":"2023-10-10T12:19:05","slug":"oktoberfest-an-der-bernhardschule","status":"publish","type":"post","link":"https:\/\/wordpress.nibis.de\/gsbernhard\/oktoberfest-an-der-bernhardschule\/","title":{"rendered":"Oktoberfest an der Bernhardschule"},"content":{"rendered":"<p><img loading=\"lazy\" decoding=\"async\" class=\"aligncenter  wp-image-4010\" src=\"https:\/\/wordpress.nibis.de\/gsbernhard\/files\/2023\/10\/Oktoberfest-Bild-1.png\" alt=\"\" width=\"633\" height=\"375\" srcset=\"https:\/\/wordpress.nibis.de\/gsbernhard\/files\/2023\/10\/Oktoberfest-Bild-1.png 739w, https:\/\/wordpress.nibis.de\/gsbernhard\/files\/2023\/10\/Oktoberfest-Bild-1-456x270.png 456w\" sizes=\"auto, (max-width: 633px) 100vw, 633px\" \/><\/p>\n<p>Liebe Sch\u00fclerInnen und LehrerInnen!<\/p>\n<p>Am Freitag, dem 13.10.2023, bietet die Sch\u00fclervertretung einen Brezelverkauf<br>in der Pausenhalle an.<\/p>\n<p>In der 1. gro\u00dfen Pause werden f\u00fcr je 1 Euro Brezeln verkauft. Zu bayrischer Musik<br>darf auch in der Pausenhalle getanzt werden. <br>Gerne d\u00fcrft ihr an diesem Tag in Tracht oder bayrischer Kleidung in die Schule kommen.<\/p>\n<p>Wir freuen uns auf eine gute Einstimmung in die Herbstferien.<\/p>\n<p>Sch\u00f6ne Gr\u00fc\u00dfe!<br>Die Sch\u00fclervertretung<\/p>\n\n\n<p><img loading=\"lazy\" decoding=\"async\" class=\"aligncenter size-full wp-image-4011\" src=\"https:\/\/wordpress.nibis.de\/gsbernhard\/files\/2023\/10\/Oktoberfest-Bild-2.png\" alt=\"\" width=\"290\" height=\"144\" \/><\/p>\n","protected":false},"excerpt":{"rendered":"<p>Liebe Sch\u00fclerInnen und LehrerInnen! Am Freitag, dem 13.10.2023, bietet die Sch\u00fclervertretung einen Brezelverkaufin der Pausenhalle an. In der 1. gro\u00dfen Pause werden f\u00fcr je 1 Euro Brezeln verkauft. Zu bayrischer Musikdarf auch in der Pausenhalle getanzt werden. Gerne d\u00fcrft ihr an diesem Tag in Tracht oder bayrischer Kleidung in die Schule kommen. Wir freuen uns auf eine gute Einstimmung in die Herbstferien. Sch\u00f6ne Gr\u00fc\u00dfe!Die Sch\u00fclervertretung<\/p>\n","protected":false},"author":1002,"featured_media":0,"comment_status":"closed","ping_status":"closed","sticky":false,"template":"","format":"standard","meta":{"footnotes":""},"categories":[1],"tags":[],"class_list":["post-4009","post","type-post","status-publish","format-standard","hentry","category-allgemein"],"_links":{"self":[{"href":"https:\/\/wordpress.nibis.de\/gsbernhard\/wp-json\/wp\/v2\/posts\/4009","targetHints":{"allow":["GET"]}}],"collection":[{"href":"https:\/\/wordpress.nibis.de\/gsbernhard\/wp-json\/wp\/v2\/posts"}],"about":[{"href":"https:\/\/wordpress.nibis.de\/gsbernhard\/wp-json\/wp\/v2\/types\/post"}],"author":[{"embeddable":true,"href":"https:\/\/wordpress.nibis.de\/gsbernhard\/wp-json\/wp\/v2\/users\/1002"}],"replies":[{"embeddable":true,"href":"https:\/\/wordpress.nibis.de\/gsbernhard\/wp-json\/wp\/v2\/comments?post=4009"}],"version-history":[{"count":3,"href":"https:\/\/wordpress.nibis.de\/gsbernhard\/wp-json\/wp\/v2\/posts\/4009\/revisions"}],"predecessor-version":[{"id":4015,"href":"https:\/\/wordpress.nibis.de\/gsbernhard\/wp-json\/wp\/v2\/posts\/4009\/revisions\/4015"}],"wp:attachment":[{"href":"https:\/\/wordpress.nibis.de\/gsbernhard\/wp-json\/wp\/v2\/media?parent=4009"}],"wp:term":[{"taxonomy":"category","embeddable":true,"href":"https:\/\/wordpress.nibis.de\/gsbernhard\/wp-json\/wp\/v2\/categories?post=4009"},{"taxonomy":"post_tag","embeddable":true,"href":"https:\/\/wordpress.nibis.de\/gsbernhard\/wp-json\/wp\/v2\/tags?post=4009"}],"curies":[{"name":"wp","href":"https:\/\/api.w.org\/{rel}","templated":true}]}}