{"id":4116,"date":"2024-03-25T11:03:00","date_gmt":"2024-03-25T10:03:00","guid":{"rendered":"https:\/\/wordpress.nibis.de\/gsbernhard\/?p=4116"},"modified":"2024-03-25T12:10:05","modified_gmt":"2024-03-25T11:10:05","slug":"lesewettbewerb-der-samtgemeinde-soegel","status":"publish","type":"post","link":"https:\/\/wordpress.nibis.de\/gsbernhard\/lesewettbewerb-der-samtgemeinde-soegel\/","title":{"rendered":"Lesewettbewerb der Samtgemeinde S\u00f6gel"},"content":{"rendered":"\n<div>Dieses Jahr wurde vom Schulverbund S\u00f6gel ein Lesewettbewerb organisiert, alle Sch\u00fclerinnen und Sch\u00fcler der Klassen 3 und 4 teilnehmen durften. Schulintern wurden dabei die jeweiligen Jahrgangssieger\u00a0 ermittelt. Diese durften dann in der letzten Runde mit ausgew\u00e4hlter Unterst\u00fctzung zum &#8222;Finale&#8220; nach Spahnharrenst\u00e4tte reisen.<\/div>\n<div>\u00a0<\/div>\n<div>Insgesamt konnten im &#8222;Finale&#8220; 10 Grundsch\u00fcler der Jahrg\u00e4nge 3 und 4 ihr leserisches Talent an der Grundschule St. Johannes unter Beweis stellen. Dabei durften die Kinder zun\u00e4chst selbst ausgesuchte Texte und sp\u00e4ter auch unbekannte Texte vortragen. Alle Teilnehmer haben sich am Ende \u00fcber die vielen Punkte der Jury gefreut und sich somit ein spannendes Rennen um den Sieg geboten.<\/div>\n<div><br \/>Gewonnen haben Sofia Mutiu (3. Klasse) von der Bernhardschule, S\u00f6gel und Marika Jansen (4. Klasse) der Grundschule St. Johannes in Spahnharrenst\u00e4tte.<br \/><br \/>Alle Mitglieder der Jury, die aus je einer Kollegin der Grundschulen und einem unabh\u00e4ngigen Mitglied bestand sprachen den beteiligten Sch\u00fclerinnen ihr Lob aus. \u201eJeder, der am Wettbewerb beteiligt war, ist schon ein Lesek\u00f6nig oder eine Lesek\u00f6nigin!\u201c<br \/><br \/>Alle TeilnehmerInnen konnten sich \u00fcber eine Urkunde und ein Buchpr\u00e4sent der Firma L\u00fcbs freuen.<\/div>\n<div>\u00a0<\/div>\n<div>\n\t\t<!-- MasterSlider -->\n\t\t<div id=\"P_MS69f2aadd5eac6\" class=\"master-slider-parent msl ms-parent-id-69\" style=\"max-width:800px;\">\n\n\t\t\t\n\t\t\t<!-- MasterSlider Main -->\n\t\t\t<div id=\"MS69f2aadd5eac6\" class=\"master-slider ms-skin-default\" >\n\t\t\t\t \t\t\t\t \n\t\t\t\t<div  class=\"ms-slide\" data-delay=\"3\" data-fill-mode=\"fill\"  >\n\t\t\t\t\t<img decoding=\"async\" src=\"https:\/\/wordpress.nibis.de\/gsbernhard\/wp-content\/plugins\/master-slider\/public\/assets\/css\/blank.gif\" alt=\"\" title=\"\" data-src=\"https:\/\/wordpress.nibis.de\/gsbernhard\/files\/2024\/03\/Lesewettbewerb-2024-Bild-1-scaled.jpg\" \/>\n\n\n\t<div class=\"ms-thumb\" ><div class=\"ms-tab-context\"><div class=\"&quot;ms-tab-context&quot;\"><\/div><\/div>\n<\/div>\n\t\t\t\t<\/div>\n\t\t\t\t<div  class=\"ms-slide\" data-delay=\"3\" data-fill-mode=\"fill\"  >\n\t\t\t\t\t<img decoding=\"async\" src=\"https:\/\/wordpress.nibis.de\/gsbernhard\/wp-content\/plugins\/master-slider\/public\/assets\/css\/blank.gif\" alt=\"\" title=\"\" data-src=\"https:\/\/wordpress.nibis.de\/gsbernhard\/files\/2024\/03\/Lesewettbewerb-2024-Bild-2-1-scaled.jpg\" \/>\n\n\n\t<div class=\"ms-thumb\" ><div class=\"ms-tab-context\"><div class=\"&quot;ms-tab-context&quot;\"><\/div><\/div>\n<\/div>\n\t\t\t\t<\/div>\n\t\t\t\t<div  class=\"ms-slide\" data-delay=\"3\" data-fill-mode=\"fill\"  >\n\t\t\t\t\t<img decoding=\"async\" src=\"https:\/\/wordpress.nibis.de\/gsbernhard\/wp-content\/plugins\/master-slider\/public\/assets\/css\/blank.gif\" alt=\"\" title=\"\" data-src=\"https:\/\/wordpress.nibis.de\/gsbernhard\/files\/2024\/03\/Lesewettbewerb-2024-Bild-3-scaled.jpg\" \/>\n\n\n\t<div class=\"ms-thumb\" ><div class=\"ms-tab-context\"><div class=\"&quot;ms-tab-context&quot;\"><\/div><\/div>\n<\/div>\n\t\t\t\t<\/div>\n\n\t\t\t<\/div>\n\t\t\t<!-- END MasterSlider Main -->\n\n\t\t\t \n\t\t<\/div>\n\t\t<!-- END MasterSlider -->\n\n\t\t<script>\n\t\t(function ( $ ) {\n\t\t\t\"use strict\";\n\n\t\t\t$(function () {\n\t\t\t\tvar masterslider_eac6 = new MasterSlider();\n\n\t\t\t\t\/\/ slider controls\n\t\t\t\tmasterslider_eac6.control('arrows'     ,{ autohide:false, overVideo:true  });\n\t\t\t\t\/\/ slider setup\n\t\t\t\tmasterslider_eac6.setup(\"MS69f2aadd5eac6\", {\n\t\t\t\t\t\twidth           : 800,\n\t\t\t\t\t\theight          : 533,\n\t\t\t\t\t\tminHeight       : 0,\n\t\t\t\t\t\tspace           : 0,\n\t\t\t\t\t\tstart           : 1,\n\t\t\t\t\t\tgrabCursor      : true,\n\t\t\t\t\t\tswipe           : true,\n\t\t\t\t\t\tmouse           : true,\n\t\t\t\t\t\tlayout          : \"boxed\",\n\t\t\t\t\t\twheel           : false,\n\t\t\t\t\t\tautoplay        : false,\n\t\t\t\t\t\tinstantStartLayers:false,\n\t\t\t\t\t\tloop            : false,\n\t\t\t\t\t\tshuffle         : false,\n\t\t\t\t\t\tpreload         : 0,\n\t\t\t\t\t\theightLimit     : true,\n\t\t\t\t\t\tautoHeight      : true,\n\t\t\t\t\t\tsmoothHeight    : true,\n\t\t\t\t\t\tendPause        : false,\n\t\t\t\t\t\toverPause       : true,\n\t\t\t\t\t\tfillMode        : \"fill\",\n\t\t\t\t\t\tcenterControls  : true,\n\t\t\t\t\t\tstartOnAppear   : false,\n\t\t\t\t\t\tlayersMode      : \"center\",\n\t\t\t\t\t\thideLayers      : false,\n\t\t\t\t\t\tfullscreenMargin: 0,\n\t\t\t\t\t\tspeed           : 20,\n\t\t\t\t\t\tdir             : \"h\",\n\t\t\t\t\t\tparallaxMode    : 'swipe',\n\t\t\t\t\t\tview            : \"basic\"\n\t\t\t\t});\n\n\t\t\t\t\n\t\t\t\twindow.masterslider_instances = window.masterslider_instances || [];\n\t\t\t\twindow.masterslider_instances.push( masterslider_eac6 );\n\t\t\t });\n\n\t\t})(jQuery);\n\t\t<\/script>\n\n<\/div>\n<div>\u00a0<\/div>\n","protected":false},"excerpt":{"rendered":"<p>Dieses Jahr wurde vom Schulverbund S\u00f6gel ein Lesewettbewerb organisiert, alle Sch\u00fclerinnen und Sch\u00fcler der Klassen 3 und 4 teilnehmen durften. Schulintern wurden dabei die jeweiligen Jahrgangssieger\u00a0 ermittelt. Diese durften dann in der letzten Runde mit ausgew\u00e4hlter Unterst\u00fctzung zum &#8222;Finale&#8220; nach Spahnharrenst\u00e4tte reisen. \u00a0 Insgesamt konnten im &#8222;Finale&#8220; 10 Grundsch\u00fcler der Jahrg\u00e4nge 3 und 4 ihr leserisches Talent an der Grundschule St. Johannes unter Beweis stellen. Dabei durften die Kinder zun\u00e4chst selbst ausgesuchte Texte und sp\u00e4ter auch unbekannte Texte vortragen. Alle&#8230;<\/p>\n<p class=\"read-more\"><a class=\"btn btn-default\" href=\"https:\/\/wordpress.nibis.de\/gsbernhard\/lesewettbewerb-der-samtgemeinde-soegel\/\">Weiterlesen<span class=\"screen-reader-text\"> Weiterlesen<\/span><\/a><\/p>\n","protected":false},"author":1002,"featured_media":0,"comment_status":"closed","ping_status":"closed","sticky":false,"template":"","format":"standard","meta":{"footnotes":""},"categories":[1],"tags":[],"class_list":["post-4116","post","type-post","status-publish","format-standard","hentry","category-allgemein"],"_links":{"self":[{"href":"https:\/\/wordpress.nibis.de\/gsbernhard\/wp-json\/wp\/v2\/posts\/4116","targetHints":{"allow":["GET"]}}],"collection":[{"href":"https:\/\/wordpress.nibis.de\/gsbernhard\/wp-json\/wp\/v2\/posts"}],"about":[{"href":"https:\/\/wordpress.nibis.de\/gsbernhard\/wp-json\/wp\/v2\/types\/post"}],"author":[{"embeddable":true,"href":"https:\/\/wordpress.nibis.de\/gsbernhard\/wp-json\/wp\/v2\/users\/1002"}],"replies":[{"embeddable":true,"href":"https:\/\/wordpress.nibis.de\/gsbernhard\/wp-json\/wp\/v2\/comments?post=4116"}],"version-history":[{"count":2,"href":"https:\/\/wordpress.nibis.de\/gsbernhard\/wp-json\/wp\/v2\/posts\/4116\/revisions"}],"predecessor-version":[{"id":4126,"href":"https:\/\/wordpress.nibis.de\/gsbernhard\/wp-json\/wp\/v2\/posts\/4116\/revisions\/4126"}],"wp:attachment":[{"href":"https:\/\/wordpress.nibis.de\/gsbernhard\/wp-json\/wp\/v2\/media?parent=4116"}],"wp:term":[{"taxonomy":"category","embeddable":true,"href":"https:\/\/wordpress.nibis.de\/gsbernhard\/wp-json\/wp\/v2\/categories?post=4116"},{"taxonomy":"post_tag","embeddable":true,"href":"https:\/\/wordpress.nibis.de\/gsbernhard\/wp-json\/wp\/v2\/tags?post=4116"}],"curies":[{"name":"wp","href":"https:\/\/api.w.org\/{rel}","templated":true}]}}