{"id":1508,"date":"2026-01-14T17:59:08","date_gmt":"2026-01-14T16:59:08","guid":{"rendered":"https:\/\/wordpress.nibis.de\/gsdrueber\/?p=1508"},"modified":"2026-01-17T10:49:45","modified_gmt":"2026-01-17T09:49:45","slug":"wir-pflanzen-einen-schulwald","status":"publish","type":"post","link":"https:\/\/wordpress.nibis.de\/gsdrueber\/?p=1508","title":{"rendered":"Wir pflanzen einen Schulwald"},"content":{"rendered":"\n<p>Am 12.12.2025 war der gro\u00dfe Pflanztag f\u00fcr unseren Schulwald in Dr\u00fcber \u2013 und alle Sch\u00fcler\/innen, Lehrkr\u00e4fte und mehr als 40 Eltern und Gro\u00dfeltern haben tatkr\u00e4ftig geholfen. Neben vielen Str\u00e4uchern und Laubb\u00e4umen durfte jede Klasse einen &#8222;Klassenbaum&#8220; auf der Streuobstwiese pflanzen.<\/p>\n<p><span style=\"font-size: revert\">Die Fl\u00e4che am Ortsrand Dr\u00fcbers wird durch den NLWKN bereitgestellt und bietet nun den Ausgangspunkt eines neuen Natur- und Lernraumes f\u00fcr unsere Sch\u00fcler\/innen.\u00a0<\/span><\/p>\n<p>Dank unserer engagierten Elternschaft ziert sogar ein sch\u00f6nes Schild den Wald, sodass er f\u00fcr jeden von der Stra\u00dfe aus erkennbar ist.\u00a0<\/p>\n<div class=\"wp-block-image\">\u00a0<\/div>\n\n\n\n<div class=\"wp-block-image\"><img loading=\"lazy\" decoding=\"async\" class=\"wpa-warning wpa-image-missing-alt alignnone size-large wp-image-1510\" src=\"https:\/\/wordpress.nibis.de\/gsdrueber\/files\/2026\/01\/PHOTO-2025-12-11-19-09-10-1024x768.jpg\" alt=\"\" width=\"858\" height=\"644\" data-warning=\"Missing alt text\" srcset=\"https:\/\/wordpress.nibis.de\/gsdrueber\/files\/2026\/01\/PHOTO-2025-12-11-19-09-10-1024x768.jpg 1024w, https:\/\/wordpress.nibis.de\/gsdrueber\/files\/2026\/01\/PHOTO-2025-12-11-19-09-10-300x225.jpg 300w, https:\/\/wordpress.nibis.de\/gsdrueber\/files\/2026\/01\/PHOTO-2025-12-11-19-09-10-768x576.jpg 768w, https:\/\/wordpress.nibis.de\/gsdrueber\/files\/2026\/01\/PHOTO-2025-12-11-19-09-10-100x75.jpg 100w, https:\/\/wordpress.nibis.de\/gsdrueber\/files\/2026\/01\/PHOTO-2025-12-11-19-09-10-1536x1152.jpg 1536w, https:\/\/wordpress.nibis.de\/gsdrueber\/files\/2026\/01\/PHOTO-2025-12-11-19-09-10.jpg 1600w\" sizes=\"auto, (max-width: 858px) 100vw, 858px\" \/><\/div>\n\n\n","protected":false},"excerpt":{"rendered":"<p>Am 12.12.2025 war der gro\u00dfe Pflanztag f\u00fcr unseren Schulwald in Dr\u00fcber \u2013 und alle Sch\u00fcler\/innen, Lehrkr\u00e4fte und mehr als 40 Eltern und Gro\u00dfeltern haben tatkr\u00e4ftig geholfen. Neben vielen Str\u00e4uchern und Laubb\u00e4umen durfte jede Klasse einen &#8222;Klassenbaum&#8220; auf der Streuobstwiese pflanzen. Die Fl\u00e4che am Ortsrand Dr\u00fcbers wird durch den NLWKN bereitgestellt und bietet nun den Ausgangspunkt [&hellip;]<\/p>\n","protected":false},"author":1035,"featured_media":0,"comment_status":"open","ping_status":"open","sticky":false,"template":"","format":"standard","meta":{"footnotes":""},"categories":[1],"tags":[],"class_list":["post-1508","post","type-post","status-publish","format-standard","hentry","category-allgemein"],"_links":{"self":[{"href":"https:\/\/wordpress.nibis.de\/gsdrueber\/index.php?rest_route=\/wp\/v2\/posts\/1508","targetHints":{"allow":["GET"]}}],"collection":[{"href":"https:\/\/wordpress.nibis.de\/gsdrueber\/index.php?rest_route=\/wp\/v2\/posts"}],"about":[{"href":"https:\/\/wordpress.nibis.de\/gsdrueber\/index.php?rest_route=\/wp\/v2\/types\/post"}],"author":[{"embeddable":true,"href":"https:\/\/wordpress.nibis.de\/gsdrueber\/index.php?rest_route=\/wp\/v2\/users\/1035"}],"replies":[{"embeddable":true,"href":"https:\/\/wordpress.nibis.de\/gsdrueber\/index.php?rest_route=%2Fwp%2Fv2%2Fcomments&post=1508"}],"version-history":[{"count":2,"href":"https:\/\/wordpress.nibis.de\/gsdrueber\/index.php?rest_route=\/wp\/v2\/posts\/1508\/revisions"}],"predecessor-version":[{"id":1554,"href":"https:\/\/wordpress.nibis.de\/gsdrueber\/index.php?rest_route=\/wp\/v2\/posts\/1508\/revisions\/1554"}],"wp:attachment":[{"href":"https:\/\/wordpress.nibis.de\/gsdrueber\/index.php?rest_route=%2Fwp%2Fv2%2Fmedia&parent=1508"}],"wp:term":[{"taxonomy":"category","embeddable":true,"href":"https:\/\/wordpress.nibis.de\/gsdrueber\/index.php?rest_route=%2Fwp%2Fv2%2Fcategories&post=1508"},{"taxonomy":"post_tag","embeddable":true,"href":"https:\/\/wordpress.nibis.de\/gsdrueber\/index.php?rest_route=%2Fwp%2Fv2%2Ftags&post=1508"}],"curies":[{"name":"wp","href":"https:\/\/api.w.org\/{rel}","templated":true}]}}