{"id":1680,"date":"2026-08-16T11:51:57","date_gmt":"2026-08-16T09:51:57","guid":{"rendered":"https:\/\/wordpress.nibis.de\/gseksbohmte\/?p=1680"},"modified":"2026-08-16T11:51:57","modified_gmt":"2026-08-16T09:51:57","slug":"unsere-einschulungsfeier-2026","status":"publish","type":"post","link":"https:\/\/wordpress.nibis.de\/gseksbohmte\/unsere-einschulungsfeier-2026\/","title":{"rendered":"Unsere Einschulungsfeier 2026"},"content":{"rendered":"\n<p class=\"wp-block-paragraph\">Etwa 60 neue Sch\u00fclerinnen und Sch\u00fcler feiert am 15. August ihre Einschulung an der Erich K\u00e4stner-Schule. Das feierliche Programm in der Turnhalle wurde von den Klassen 4a und b gestaltet. Diese beiden Klassen pr\u00e4sentierten ein Theaterst\u00fcck und mehrere Lieder, die Mut und Selbstvertrauen f\u00fcr den Schulstart geben sollten. Au\u00dferdem besangen die zuk\u00fcnftigen Paten, dass sie die &#8222;Ersties&#8220; bei ihrem Schulanfang tatkr\u00e4ftig begleiten und unterst\u00fctzen wollen. <\/p>\n\n\n\n<p class=\"wp-block-paragraph\">Nachdem unsere neuen Erstkl\u00e4ssler noch Gottes Segen erhalten hatten, gingen sie mit ihren Klassenlehrkr\u00e4ften zur ersten Unterrichtsstunde ins Schulgeb\u00e4ude. Jedes Kind nahm seinen Platz ein, erhielt ein kleines Willkommensgeschenk und lernte sogleich die ersten Buchstaben kennen. Abschlie\u00dfend wurde noch ein Klassenfoto gemacht, welches demn\u00e4chst in der Neuen Osnabr\u00fccker Zeitung zu sehen sein wird. <\/p>\n\n\n\n<p class=\"wp-block-paragraph\">Am Stundeende nahmen die Eltern ihre gl\u00fccklichen Kinder wieder in Empfang und verabschiedeten sich, um den Einschulungstag privat weiterzufeiern. <\/p>\n\n\n\n<p class=\"wp-block-paragraph\">Wir danken allen beteiligten Personen und den Klassen 4a und 4b f\u00fcr diese tolle Feier! <\/p>\n\n\n\n<figure class=\"wp-block-image size-large\"><img loading=\"lazy\" decoding=\"async\" width=\"1200\" height=\"561\" src=\"https:\/\/wordpress.nibis.de\/gseksbohmte\/files\/2026\/08\/einschulung2026-1200x561.jpg\" alt=\"\" class=\"wp-image-1681\" \/><\/figure>\n","protected":false},"excerpt":{"rendered":"<p>Etwa 60 neue Sch\u00fclerinnen und Sch\u00fcler feiert am 15. August ihre Einschulung an der Erich K\u00e4stner-Schule. Das feierliche Programm in der Turnhalle wurde von den Klassen 4a und b gestaltet.<\/p>\n","protected":false},"author":9193920,"featured_media":0,"comment_status":"open","ping_status":"open","sticky":false,"template":"","format":"standard","meta":{"footnotes":""},"categories":[1],"tags":[],"class_list":["post-1680","post","type-post","status-publish","format-standard","hentry","category-allgemein"],"_links":{"self":[{"href":"https:\/\/wordpress.nibis.de\/gseksbohmte\/wp-json\/wp\/v2\/posts\/1680","targetHints":{"allow":["GET"]}}],"collection":[{"href":"https:\/\/wordpress.nibis.de\/gseksbohmte\/wp-json\/wp\/v2\/posts"}],"about":[{"href":"https:\/\/wordpress.nibis.de\/gseksbohmte\/wp-json\/wp\/v2\/types\/post"}],"author":[{"embeddable":true,"href":"https:\/\/wordpress.nibis.de\/gseksbohmte\/wp-json\/wp\/v2\/users\/9193920"}],"replies":[{"embeddable":true,"href":"https:\/\/wordpress.nibis.de\/gseksbohmte\/wp-json\/wp\/v2\/comments?post=1680"}],"version-history":[{"count":1,"href":"https:\/\/wordpress.nibis.de\/gseksbohmte\/wp-json\/wp\/v2\/posts\/1680\/revisions"}],"predecessor-version":[{"id":1682,"href":"https:\/\/wordpress.nibis.de\/gseksbohmte\/wp-json\/wp\/v2\/posts\/1680\/revisions\/1682"}],"wp:attachment":[{"href":"https:\/\/wordpress.nibis.de\/gseksbohmte\/wp-json\/wp\/v2\/media?parent=1680"}],"wp:term":[{"taxonomy":"category","embeddable":true,"href":"https:\/\/wordpress.nibis.de\/gseksbohmte\/wp-json\/wp\/v2\/categories?post=1680"},{"taxonomy":"post_tag","embeddable":true,"href":"https:\/\/wordpress.nibis.de\/gseksbohmte\/wp-json\/wp\/v2\/tags?post=1680"}],"curies":[{"name":"wp","href":"https:\/\/api.w.org\/{rel}","templated":true}]}}