{"id":1088,"date":"2020-04-18T14:05:16","date_gmt":"2020-04-18T12:05:16","guid":{"rendered":"https:\/\/wordpress.nibis.de\/gsemmeln\/?p=1088"},"modified":"2020-10-21T22:15:26","modified_gmt":"2020-10-21T20:15:26","slug":"wichtige-informationen-des-niedersaechsischen-kultusministeriums-zu-schule-in-corona-zeiten","status":"publish","type":"post","link":"https:\/\/wordpress.nibis.de\/gsemmeln\/2020\/04\/18\/wichtige-informationen-des-niedersaechsischen-kultusministeriums-zu-schule-in-corona-zeiten\/","title":{"rendered":"Wichtige Informationen des Nieders\u00e4chsischen Kultusministeriums zu Schule in Corona-Zeiten"},"content":{"rendered":"\n<p>Liebe Eltern und Erziehungsberechtigte!<\/p>\n\n\n\n<p>In Zeiten von Corona sind die Beschl\u00fcsse und Regelungen &#8211; was Schule angeht &#8211; sehr umfangreich. Hinzu kommt, dass es f\u00fcr verschiedene Schuljahrg\u00e4nge auch verschiedene Regelungen gibt, z.B. was den Wiederbeginn des Unterrichts betrifft.<\/p>\n\n\n\n<p>Es ist schwierig, sich alles zu merken und den \u00dcberblick zu behalten. Dies f\u00fchrt gelegentlich auch zu Verunsicherungen bei den Eltern. Um dem entgegen zu wirken und Sie m\u00f6glichst auf dem aktuellen Stand der Dinge zu halten, m\u00f6chten wir Sie auf die Seite des Nieders\u00e4chsischen Kultuministeriums verweisen. <\/p>\n\n\n\n<p>Unter folgendem Link k\u00f6nnen Sie hier folgende Informationen einsehen:<\/p>\n\n\n\n<p><a href=\"http:\/\/mk.niedersachsen.de\/startseite\/aktuelles\/presseinformationen\/schrittweise-wiedereroeffnung-der-schulen-notbetreuung-in-kitas-wird-ausgeweitet-187510.html\">http:\/\/mk.niedersachsen.de\/startseite\/aktuelles\/presseinformationen\/schrittweise-wiedereroeffnung-der-schulen-notbetreuung-in-kitas-wird-ausgeweitet-187510.html<\/a><\/p>\n\n\n\n<ul class=\"wp-block-list\"><li>Schule in Corona-Zeiten: Leitfaden des Nieders\u00e4chsischen Kultusministeriums f\u00fcr Schulleitungen, Lehrkr\u00e4fte und p\u00e4dagogische Fachkr\u00e4fte an Schulen<\/li><li>Lernen zu Hause: Leitfaden f\u00fcr Eltern, Sch\u00fclerinnen und Sch\u00fcler<\/li><li>sowie einen (vorl\u00e4ufigen) Zeitplan zum Wiederbeginn des Unterrichts in den verschiedenen Jahrg\u00e4ngen<\/li><\/ul>\n\n\n\n<p>Falls Sie weiterhin Fragen haben, stehen Ihnen die Schulleitung und die Lehrerinnen der Josefschule \u00fcber bekannte Informationswege zur Verf\u00fcgung.<\/p>\n\n\n\n<p>Das Schulb\u00fcro ist t\u00e4glich von montags bis freitags von 8.00 Uhr bis 13.00 Uhr besetzt.<\/p>\n\n\n\n<p>Viele liebe Gr\u00fc\u00dfe aus der Josefschule<\/p>\n","protected":false},"excerpt":{"rendered":"<p>Liebe Eltern und Erziehungsberechtigte! In Zeiten von Corona sind die Beschl\u00fcsse und Regelungen &#8211; was Schule angeht &#8211; sehr umfangreich. Hinzu kommt, dass es f\u00fcr verschiedene Schuljahrg\u00e4nge auch verschiedene Regelungen <a class=\"more-link\" href=\"https:\/\/wordpress.nibis.de\/gsemmeln\/2020\/04\/18\/wichtige-informationen-des-niedersaechsischen-kultusministeriums-zu-schule-in-corona-zeiten\/\">Continue Reading &rarr;<\/a><\/p>\n","protected":false},"author":9193017,"featured_media":0,"comment_status":"closed","ping_status":"closed","sticky":false,"template":"","format":"standard","meta":{"footnotes":""},"categories":[5,13],"tags":[],"class_list":["post-1088","post","type-post","status-publish","format-standard","hentry","category-archiv-aktuelles","category-schuljahr-2019-2020-schuljahr-2018-2019"],"_links":{"self":[{"href":"https:\/\/wordpress.nibis.de\/gsemmeln\/wp-json\/wp\/v2\/posts\/1088","targetHints":{"allow":["GET"]}}],"collection":[{"href":"https:\/\/wordpress.nibis.de\/gsemmeln\/wp-json\/wp\/v2\/posts"}],"about":[{"href":"https:\/\/wordpress.nibis.de\/gsemmeln\/wp-json\/wp\/v2\/types\/post"}],"author":[{"embeddable":true,"href":"https:\/\/wordpress.nibis.de\/gsemmeln\/wp-json\/wp\/v2\/users\/9193017"}],"replies":[{"embeddable":true,"href":"https:\/\/wordpress.nibis.de\/gsemmeln\/wp-json\/wp\/v2\/comments?post=1088"}],"version-history":[{"count":2,"href":"https:\/\/wordpress.nibis.de\/gsemmeln\/wp-json\/wp\/v2\/posts\/1088\/revisions"}],"predecessor-version":[{"id":1107,"href":"https:\/\/wordpress.nibis.de\/gsemmeln\/wp-json\/wp\/v2\/posts\/1088\/revisions\/1107"}],"wp:attachment":[{"href":"https:\/\/wordpress.nibis.de\/gsemmeln\/wp-json\/wp\/v2\/media?parent=1088"}],"wp:term":[{"taxonomy":"category","embeddable":true,"href":"https:\/\/wordpress.nibis.de\/gsemmeln\/wp-json\/wp\/v2\/categories?post=1088"},{"taxonomy":"post_tag","embeddable":true,"href":"https:\/\/wordpress.nibis.de\/gsemmeln\/wp-json\/wp\/v2\/tags?post=1088"}],"curies":[{"name":"wp","href":"https:\/\/api.w.org\/{rel}","templated":true}]}}