{"id":3132,"date":"2026-08-27T10:57:56","date_gmt":"2026-08-27T08:57:56","guid":{"rendered":"https:\/\/wordpress.nibis.de\/gsemmeln\/?p=3132"},"modified":"2026-08-27T10:57:56","modified_gmt":"2026-08-27T08:57:56","slug":"endlich-ist-es-soweit-die-neuen-erstklaessler-sind-da","status":"publish","type":"post","link":"https:\/\/wordpress.nibis.de\/gsemmeln\/2026\/08\/27\/endlich-ist-es-soweit-die-neuen-erstklaessler-sind-da\/","title":{"rendered":"Endlich ist es soweit! Die neuen Erstkl\u00e4ssler sind da!"},"content":{"rendered":"\n<p>Am 15.08.26 um 8.45 Uhr trafen sich 42 aufgeregte Erstkl\u00e4ssler mit ihren Familien zum Einschulungsgottesdienst in der Josefkirche. Die Drittkl\u00e4ssler begleiteten den Gottesdienst mit sch\u00f6nen Beitr\u00e4gen zum Thema \u201eBlumen in Gottes Garten\u201c. Jede Blume ist anders, hat aber ihre ganz individuellen F\u00e4higkeiten. So bunt, wie ein wundersch\u00f6ner Blumengarten, so bunt und einzigartig sind auch unsere Erstkl\u00e4ssler.<\/p>\n<p>Im Anschluss an den Gottesdienst ging es zur Einschulungsfeier in die Turnhalle unserer Schule. Die Gro\u00dfeltern und G\u00e4ste der Familie konnten sich auf dem Schulhof mit Br\u00f6tchen, Kuchen und Kaffee sowie Kaltgetr\u00e4nken st\u00e4rken und sich \u00fcber den F\u00f6rderverein der Josefschule informieren.<\/p>\n<p>Nachdem Frau J\u00e4nen die Kinder und ihre Eltern begr\u00fc\u00dft hatte, war der gro\u00dfe Moment unserer Zweitkl\u00e4ssler gekommen. Sie hatten im Vorfeld flei\u00dfig ein Theaterst\u00fcck einge\u00fcbt und freuten sich nun darauf, das St\u00fcck \u201eDie verschwundenen Zahlen und Buchstaben\u201c vorzuspielen. Der Auftritt wurde mit einem kr\u00e4ftigen Applaus belohnt.<\/p>\n<p>Die Schulneulinge wurden nun klassenweise aufgerufen, um ihre erste Unterrichtsstunde bei Frau Kranz und Frau Suelmann oder bei Frau Bandowski als Schulkinder zu begehen.<\/p>\n<p>Zum Abschluss wurde als Erinnerung an diesen besonderen Tag noch ein Klassenfoto geschossen. Dann machten sich alle Kinder mit ihren Familien auf den Heimweg, denn eine Frage konnte in der Schule nicht gekl\u00e4rt werden: Was steckt in den Schult\u00fcten?<\/p>\n<p>Wir w\u00fcnschen allen Schulanf\u00e4ngern einen tollen Schulstart!<\/p>\n","protected":false},"excerpt":{"rendered":"<p>Am 15.08.26 um 8.45 Uhr trafen sich 42 aufgeregte Erstkl\u00e4ssler mit ihren Familien zum Einschulungsgottesdienst in der Josefkirche. Die Drittkl\u00e4ssler begleiteten den Gottesdienst mit sch\u00f6nen Beitr\u00e4gen zum Thema \u201eBlumen in <a class=\"more-link\" href=\"https:\/\/wordpress.nibis.de\/gsemmeln\/2026\/08\/27\/endlich-ist-es-soweit-die-neuen-erstklaessler-sind-da\/\">Continue Reading &rarr;<\/a><\/p>\n","protected":false},"author":9193017,"featured_media":0,"comment_status":"open","ping_status":"open","sticky":false,"template":"","format":"standard","meta":{"footnotes":""},"categories":[1,31],"tags":[],"class_list":["post-3132","post","type-post","status-publish","format-standard","hentry","category-aktuelles","category-schuljahr-2026-2027"],"_links":{"self":[{"href":"https:\/\/wordpress.nibis.de\/gsemmeln\/wp-json\/wp\/v2\/posts\/3132","targetHints":{"allow":["GET"]}}],"collection":[{"href":"https:\/\/wordpress.nibis.de\/gsemmeln\/wp-json\/wp\/v2\/posts"}],"about":[{"href":"https:\/\/wordpress.nibis.de\/gsemmeln\/wp-json\/wp\/v2\/types\/post"}],"author":[{"embeddable":true,"href":"https:\/\/wordpress.nibis.de\/gsemmeln\/wp-json\/wp\/v2\/users\/9193017"}],"replies":[{"embeddable":true,"href":"https:\/\/wordpress.nibis.de\/gsemmeln\/wp-json\/wp\/v2\/comments?post=3132"}],"version-history":[{"count":1,"href":"https:\/\/wordpress.nibis.de\/gsemmeln\/wp-json\/wp\/v2\/posts\/3132\/revisions"}],"predecessor-version":[{"id":3133,"href":"https:\/\/wordpress.nibis.de\/gsemmeln\/wp-json\/wp\/v2\/posts\/3132\/revisions\/3133"}],"wp:attachment":[{"href":"https:\/\/wordpress.nibis.de\/gsemmeln\/wp-json\/wp\/v2\/media?parent=3132"}],"wp:term":[{"taxonomy":"category","embeddable":true,"href":"https:\/\/wordpress.nibis.de\/gsemmeln\/wp-json\/wp\/v2\/categories?post=3132"},{"taxonomy":"post_tag","embeddable":true,"href":"https:\/\/wordpress.nibis.de\/gsemmeln\/wp-json\/wp\/v2\/tags?post=3132"}],"curies":[{"name":"wp","href":"https:\/\/api.w.org\/{rel}","templated":true}]}}