{"id":1019,"date":"2021-10-13T17:11:55","date_gmt":"2021-10-13T15:11:55","guid":{"rendered":"https:\/\/wordpress.nibis.de\/gsesterw\/?p=1019"},"modified":"2021-10-13T17:15:13","modified_gmt":"2021-10-13T15:15:13","slug":"gruene-meilen-fuer-das-klima","status":"publish","type":"post","link":"https:\/\/wordpress.nibis.de\/gsesterw\/gruene-meilen-fuer-das-klima\/","title":{"rendered":"Gr\u00fcne Meilen f\u00fcr das Klima"},"content":{"rendered":"\n<p>Vom 20.09. bis zum 24.09.2021 fand an unserer Schule die Aktion &#8222;Gr\u00fcne Meilen&#8220; statt.<\/p>\n\n\n\n<p>Alle Sch\u00fcler und Sch\u00fclerinnen der Jahrg\u00e4nge 2, 3 und 4 haben in diesen Tagen besonders Acht auf einen klimafreundlichen Schulweg gegeben. Statt sich mit dem Auto zur Schule bringen zu lassen, erfolgte der Weg zur Schule \u00f6fters zu Fu\u00df, mit dem Rad oder dem Bus. Auch auf eine klimafreundliche Ern\u00e4hrung und ein klimafreundliches Handeln (z.B. Strom sparen) wurde viel Wert gelegt.<\/p>\n\n\n\n<p>Mit jeder klimafreundlichen Tat konnten die Kinder gr\u00fcne, gelbe oder orange Punkte sammeln und diese einem kleinen Heftchen dokumentieren.<\/p>\n\n\n\n<p><em>Und wie klimafreundlich waren wir in dieser Woche? Das seht Ihr hier: <\/em><\/p>\n\n\n\n<div class=\"wp-block-image\"><figure class=\"aligncenter size-large is-resized\"><img loading=\"lazy\" decoding=\"async\" src=\"https:\/\/wordpress.nibis.de\/gsesterw\/files\/2021\/10\/IMG-20211012-WA0000-e1634137122596-1024x675.jpg\" alt=\"\" class=\"wp-image-1020\" width=\"484\" height=\"319\" \/><\/figure><\/div>\n\n\n\n<p><strong><mark>Insgesamt wurde 235 mal klimafreundlich gegessen, 173 mal klimafreundlich gehandelt und sogar 1276 mal ein klimafreundlicher Schulweg unternommen.<\/mark><\/strong><\/p>\n\n\n\n<p>Damit die Klimaschutzaktivit\u00e4ten in der Politik Geh\u00f6r finden, wurde das Ergebnis an die UN-Klimakonferenz geschickt.<\/p>\n\n\n\n<p>Wir hoffen, dass wir es schaffen, unseren Schulalltag immer ein St\u00fcck weit klimafreundlich zu gestalten. \ud83d\ude42<\/p>\n","protected":false},"excerpt":{"rendered":"<p>Vom 20.09. bis zum 24.09.2021 fand an unserer Schule die Aktion &#8222;Gr\u00fcne Meilen&#8220; statt. Alle Sch\u00fcler und Sch\u00fclerinnen der Jahrg\u00e4nge 2, 3 und 4 haben in diesen Tagen besonders Acht auf einen klimafreundlichen Schulweg gegeben. Statt sich mit dem Auto zur Schule bringen zu lassen, erfolgte der Weg zur Schule \u00f6fters zu Fu\u00df, mit dem &hellip; <a href=\"https:\/\/wordpress.nibis.de\/gsesterw\/gruene-meilen-fuer-das-klima\/\" class=\"more-link\"><span class=\"screen-reader-text\">Gr\u00fcne Meilen f\u00fcr das Klima<\/span> weiterlesen <span class=\"meta-nav\">&rarr;<\/span><\/a><\/p>\n","protected":false},"author":9193300,"featured_media":0,"comment_status":"closed","ping_status":"closed","sticky":false,"template":"","format":"standard","meta":{"footnotes":""},"categories":[1],"tags":[],"class_list":["post-1019","post","type-post","status-publish","format-standard","hentry","category-galerie"],"_links":{"self":[{"href":"https:\/\/wordpress.nibis.de\/gsesterw\/wp-json\/wp\/v2\/posts\/1019","targetHints":{"allow":["GET"]}}],"collection":[{"href":"https:\/\/wordpress.nibis.de\/gsesterw\/wp-json\/wp\/v2\/posts"}],"about":[{"href":"https:\/\/wordpress.nibis.de\/gsesterw\/wp-json\/wp\/v2\/types\/post"}],"author":[{"embeddable":true,"href":"https:\/\/wordpress.nibis.de\/gsesterw\/wp-json\/wp\/v2\/users\/9193300"}],"replies":[{"embeddable":true,"href":"https:\/\/wordpress.nibis.de\/gsesterw\/wp-json\/wp\/v2\/comments?post=1019"}],"version-history":[{"count":3,"href":"https:\/\/wordpress.nibis.de\/gsesterw\/wp-json\/wp\/v2\/posts\/1019\/revisions"}],"predecessor-version":[{"id":1023,"href":"https:\/\/wordpress.nibis.de\/gsesterw\/wp-json\/wp\/v2\/posts\/1019\/revisions\/1023"}],"wp:attachment":[{"href":"https:\/\/wordpress.nibis.de\/gsesterw\/wp-json\/wp\/v2\/media?parent=1019"}],"wp:term":[{"taxonomy":"category","embeddable":true,"href":"https:\/\/wordpress.nibis.de\/gsesterw\/wp-json\/wp\/v2\/categories?post=1019"},{"taxonomy":"post_tag","embeddable":true,"href":"https:\/\/wordpress.nibis.de\/gsesterw\/wp-json\/wp\/v2\/tags?post=1019"}],"curies":[{"name":"wp","href":"https:\/\/api.w.org\/{rel}","templated":true}]}}