{"id":1035,"date":"2021-11-10T19:41:22","date_gmt":"2021-11-10T18:41:22","guid":{"rendered":"https:\/\/wordpress.nibis.de\/gsesterw\/?p=1035"},"modified":"2021-11-10T19:41:22","modified_gmt":"2021-11-10T18:41:22","slug":"ich-du-wir-ohne-gewalt","status":"publish","type":"post","link":"https:\/\/wordpress.nibis.de\/gsesterw\/ich-du-wir-ohne-gewalt\/","title":{"rendered":"Ich &#8211; Du &#8211; Wir- Ohne Gewalt"},"content":{"rendered":"<p>In der ersten Woche nach den Herbstferien durften die Zweitkl\u00e4ssler\/innen sich \u00fcber den Besuch von Frau Wollert und Frau Ammann freuen. Sie kamen von der Johannesburg und f\u00fchrten im 2. Schuljahrgang das Sozialtraining &#8222;Ich-Du-Wir-Ohne Gewalt&#8220; durch. Die Kinder lernten auf spielerische Weise sich selbst und andere Kinder wertzusch\u00e4tzen und wiederum von anderen Kindern Wertsch\u00e4tzung zu erfahren. Das Gemeinschaftsgef\u00fchl in den Klassen wurde durch viele kooperative Aufgaben gest\u00e4rkt. Verschiedene Konfliktszenarien wurden gemeinsam mit den Kindern reflektiert und die Kinder haben gelernt, wie sie sich angemessen verhalten k\u00f6nnen.<\/p>\n<p>Die Zweitkl\u00e4sslerInnen und die Klassenlehrerinnen der Klassen 2a, 2b und 2c bedanken sich\u00a0 f\u00fcr das lehrreiche und abwechslungsreiche Sozialtraining. \ud83d\ude42<\/p>\n","protected":false},"excerpt":{"rendered":"<p>In der ersten Woche nach den Herbstferien durften die Zweitkl\u00e4ssler\/innen sich \u00fcber den Besuch von Frau Wollert und Frau Ammann freuen. Sie kamen von der Johannesburg und f\u00fchrten im 2. Schuljahrgang das Sozialtraining &#8222;Ich-Du-Wir-Ohne Gewalt&#8220; durch. Die Kinder lernten auf spielerische Weise sich selbst und andere Kinder wertzusch\u00e4tzen und wiederum von anderen Kindern Wertsch\u00e4tzung zu &hellip; <a href=\"https:\/\/wordpress.nibis.de\/gsesterw\/ich-du-wir-ohne-gewalt\/\" class=\"more-link\"><span class=\"screen-reader-text\">Ich &#8211; Du &#8211; Wir- Ohne Gewalt<\/span> weiterlesen <span class=\"meta-nav\">&rarr;<\/span><\/a><\/p>\n","protected":false},"author":9193300,"featured_media":0,"comment_status":"closed","ping_status":"closed","sticky":false,"template":"","format":"standard","meta":{"footnotes":""},"categories":[1],"tags":[],"class_list":["post-1035","post","type-post","status-publish","format-standard","hentry","category-galerie"],"_links":{"self":[{"href":"https:\/\/wordpress.nibis.de\/gsesterw\/wp-json\/wp\/v2\/posts\/1035","targetHints":{"allow":["GET"]}}],"collection":[{"href":"https:\/\/wordpress.nibis.de\/gsesterw\/wp-json\/wp\/v2\/posts"}],"about":[{"href":"https:\/\/wordpress.nibis.de\/gsesterw\/wp-json\/wp\/v2\/types\/post"}],"author":[{"embeddable":true,"href":"https:\/\/wordpress.nibis.de\/gsesterw\/wp-json\/wp\/v2\/users\/9193300"}],"replies":[{"embeddable":true,"href":"https:\/\/wordpress.nibis.de\/gsesterw\/wp-json\/wp\/v2\/comments?post=1035"}],"version-history":[{"count":1,"href":"https:\/\/wordpress.nibis.de\/gsesterw\/wp-json\/wp\/v2\/posts\/1035\/revisions"}],"predecessor-version":[{"id":1037,"href":"https:\/\/wordpress.nibis.de\/gsesterw\/wp-json\/wp\/v2\/posts\/1035\/revisions\/1037"}],"wp:attachment":[{"href":"https:\/\/wordpress.nibis.de\/gsesterw\/wp-json\/wp\/v2\/media?parent=1035"}],"wp:term":[{"taxonomy":"category","embeddable":true,"href":"https:\/\/wordpress.nibis.de\/gsesterw\/wp-json\/wp\/v2\/categories?post=1035"},{"taxonomy":"post_tag","embeddable":true,"href":"https:\/\/wordpress.nibis.de\/gsesterw\/wp-json\/wp\/v2\/tags?post=1035"}],"curies":[{"name":"wp","href":"https:\/\/api.w.org\/{rel}","templated":true}]}}