{"id":1446,"date":"2024-02-15T17:50:39","date_gmt":"2024-02-15T16:50:39","guid":{"rendered":"https:\/\/wordpress.nibis.de\/gsesterw\/?p=1446"},"modified":"2024-02-15T17:50:39","modified_gmt":"2024-02-15T16:50:39","slug":"helau-2","status":"publish","type":"post","link":"https:\/\/wordpress.nibis.de\/gsesterw\/helau-2\/","title":{"rendered":"HELAU!!!"},"content":{"rendered":"\n<p>Am Rosenmontag, den 12.02.2024, ging es in unserer Grundschule ganz sch\u00f6n bunt zu! Und woran lag das? Nat\u00fcrlich an dem Karnevalsfeiertag selbst und an unseren kreativen Kinder und Lehrerinnen, die sich mal wieder die sch\u00f6nsten und verr\u00fccktesten Verkleidungen einfallen lie\u00dfen! \ud83d\ude42<\/p>\n\n\n<p><a href=\"https:\/\/wordpress.nibis.de\/gsesterw\/files\/2024\/02\/GridArt_20240215_152016714-scaled.jpg\"><img loading=\"lazy\" decoding=\"async\" class=\"aligncenter size-full wp-image-1447\" src=\"https:\/\/wordpress.nibis.de\/gsesterw\/files\/2024\/02\/GridArt_20240215_152016714-scaled.jpg\" alt=\"\" width=\"2560\" height=\"2048\" \/><\/a><\/p>\n\n\n<p>Innerhalb der Klassen wurde, wie immer, ausgelassen gefeiert, getanzt und gespielt. Die ein oder andere Modenschau und Kost\u00fcmpr\u00e4mierung blieb nat\u00fcrlich auch nicht aus.<\/p>\n\n\n\n<p>Eins durfte nat\u00fcrlich auch in diesem Jahr nicht fehlen: Die vermutlich l\u00e4ngste Polonaise Esterwegens (Emslands? Deutschlands?)! Die Kinder reihten sich klassenweise in die Polonaise ein und schunkelten und h\u00fcpften singend hintereinander durch die Klassenr\u00e4ume, durch das Schulgeb\u00e4ude bis sie letztendlich alle auf dem Schulhof landeten. Hier wurde dann noch gemeinsam getanzt und ausgelassen gefeiert!<\/p>\n\n\n\n<p>Es ist immer wieder sch\u00f6n, so bunt und fr\u00f6hlich in das zweite Schulhalbjahr zu starten! \ud83d\ude42<\/p>\n","protected":false},"excerpt":{"rendered":"<p>Am Rosenmontag, den 12.02.2024, ging es in unserer Grundschule ganz sch\u00f6n bunt zu! Und woran lag das? Nat\u00fcrlich an dem Karnevalsfeiertag selbst und an unseren kreativen Kinder und Lehrerinnen, die sich mal wieder die sch\u00f6nsten und verr\u00fccktesten Verkleidungen einfallen lie\u00dfen! \ud83d\ude42 Innerhalb der Klassen wurde, wie immer, ausgelassen gefeiert, getanzt und gespielt. Die ein oder &hellip; <a href=\"https:\/\/wordpress.nibis.de\/gsesterw\/helau-2\/\" class=\"more-link\"><span class=\"screen-reader-text\">HELAU!!!<\/span> weiterlesen <span class=\"meta-nav\">&rarr;<\/span><\/a><\/p>\n","protected":false},"author":9193300,"featured_media":0,"comment_status":"closed","ping_status":"closed","sticky":false,"template":"","format":"standard","meta":{"footnotes":""},"categories":[1],"tags":[],"class_list":["post-1446","post","type-post","status-publish","format-standard","hentry","category-galerie"],"_links":{"self":[{"href":"https:\/\/wordpress.nibis.de\/gsesterw\/wp-json\/wp\/v2\/posts\/1446","targetHints":{"allow":["GET"]}}],"collection":[{"href":"https:\/\/wordpress.nibis.de\/gsesterw\/wp-json\/wp\/v2\/posts"}],"about":[{"href":"https:\/\/wordpress.nibis.de\/gsesterw\/wp-json\/wp\/v2\/types\/post"}],"author":[{"embeddable":true,"href":"https:\/\/wordpress.nibis.de\/gsesterw\/wp-json\/wp\/v2\/users\/9193300"}],"replies":[{"embeddable":true,"href":"https:\/\/wordpress.nibis.de\/gsesterw\/wp-json\/wp\/v2\/comments?post=1446"}],"version-history":[{"count":1,"href":"https:\/\/wordpress.nibis.de\/gsesterw\/wp-json\/wp\/v2\/posts\/1446\/revisions"}],"predecessor-version":[{"id":1448,"href":"https:\/\/wordpress.nibis.de\/gsesterw\/wp-json\/wp\/v2\/posts\/1446\/revisions\/1448"}],"wp:attachment":[{"href":"https:\/\/wordpress.nibis.de\/gsesterw\/wp-json\/wp\/v2\/media?parent=1446"}],"wp:term":[{"taxonomy":"category","embeddable":true,"href":"https:\/\/wordpress.nibis.de\/gsesterw\/wp-json\/wp\/v2\/categories?post=1446"},{"taxonomy":"post_tag","embeddable":true,"href":"https:\/\/wordpress.nibis.de\/gsesterw\/wp-json\/wp\/v2\/tags?post=1446"}],"curies":[{"name":"wp","href":"https:\/\/api.w.org\/{rel}","templated":true}]}}