{"id":1569,"date":"2024-12-10T16:33:00","date_gmt":"2024-12-10T15:33:00","guid":{"rendered":"https:\/\/wordpress.nibis.de\/gsesterw\/?p=1569"},"modified":"2025-04-02T13:32:18","modified_gmt":"2025-04-02T11:32:18","slug":"basteltag-2024","status":"publish","type":"post","link":"https:\/\/wordpress.nibis.de\/gsesterw\/basteltag-2024\/","title":{"rendered":"Basteltag 2024"},"content":{"rendered":"<p>Am 15.11.2024 fand der diesj\u00e4hrige Basteltag statt.<\/p>\n<p>Die Kinder zauberten mit Schere, Kleber und Stiften die sch\u00f6nste Weihnachtsdeko f\u00fcr ihre Klassenr\u00e4ume. Es wurden bei besinnlicher Weihnachtsmusik Fensterbilder, bunte Windlichter, Adventskalender und Vieles mehr gebastelt. Ein B\u00fcffet mit verschiedenen Leckereien durfte nat\u00fcrlich nicht fehlen.<\/p>\n<p>Wir bedanken uns bei allen flei\u00dfigen BastlerInnen und HelferInnen. Ohne euch w\u00fcrde unsere Schule nun nicht so sch\u00f6n weihnachtlich aussehen!<\/p>\n<p><a href=\"https:\/\/wordpress.nibis.de\/gsesterw\/files\/2024\/12\/Untitled-design.jpg\"><img loading=\"lazy\" decoding=\"async\" class=\"aligncenter size-full wp-image-1573\" src=\"https:\/\/wordpress.nibis.de\/gsesterw\/files\/2024\/12\/Untitled-design.jpg\" alt=\"\" width=\"1308\" height=\"1475\" srcset=\"https:\/\/wordpress.nibis.de\/gsesterw\/files\/2024\/12\/Untitled-design.jpg 1308w, https:\/\/wordpress.nibis.de\/gsesterw\/files\/2024\/12\/Untitled-design-768x866.jpg 768w\" sizes=\"auto, (max-width: 1308px) 100vw, 1308px\" \/><\/a><\/p>\n","protected":false},"excerpt":{"rendered":"<p>Am 15.11.2024 fand der diesj\u00e4hrige Basteltag statt. Die Kinder zauberten mit Schere, Kleber und Stiften die sch\u00f6nste Weihnachtsdeko f\u00fcr ihre Klassenr\u00e4ume. Es wurden bei besinnlicher Weihnachtsmusik Fensterbilder, bunte Windlichter, Adventskalender und Vieles mehr gebastelt. Ein B\u00fcffet mit verschiedenen Leckereien durfte nat\u00fcrlich nicht fehlen. Wir bedanken uns bei allen flei\u00dfigen BastlerInnen und HelferInnen. Ohne euch w\u00fcrde &hellip; <a href=\"https:\/\/wordpress.nibis.de\/gsesterw\/basteltag-2024\/\" class=\"more-link\"><span class=\"screen-reader-text\">Basteltag 2024<\/span> weiterlesen <span class=\"meta-nav\">&rarr;<\/span><\/a><\/p>\n","protected":false},"author":9193300,"featured_media":0,"comment_status":"closed","ping_status":"closed","sticky":false,"template":"","format":"standard","meta":{"footnotes":""},"categories":[1],"tags":[],"class_list":["post-1569","post","type-post","status-publish","format-standard","hentry","category-galerie"],"_links":{"self":[{"href":"https:\/\/wordpress.nibis.de\/gsesterw\/wp-json\/wp\/v2\/posts\/1569","targetHints":{"allow":["GET"]}}],"collection":[{"href":"https:\/\/wordpress.nibis.de\/gsesterw\/wp-json\/wp\/v2\/posts"}],"about":[{"href":"https:\/\/wordpress.nibis.de\/gsesterw\/wp-json\/wp\/v2\/types\/post"}],"author":[{"embeddable":true,"href":"https:\/\/wordpress.nibis.de\/gsesterw\/wp-json\/wp\/v2\/users\/9193300"}],"replies":[{"embeddable":true,"href":"https:\/\/wordpress.nibis.de\/gsesterw\/wp-json\/wp\/v2\/comments?post=1569"}],"version-history":[{"count":2,"href":"https:\/\/wordpress.nibis.de\/gsesterw\/wp-json\/wp\/v2\/posts\/1569\/revisions"}],"predecessor-version":[{"id":1649,"href":"https:\/\/wordpress.nibis.de\/gsesterw\/wp-json\/wp\/v2\/posts\/1569\/revisions\/1649"}],"wp:attachment":[{"href":"https:\/\/wordpress.nibis.de\/gsesterw\/wp-json\/wp\/v2\/media?parent=1569"}],"wp:term":[{"taxonomy":"category","embeddable":true,"href":"https:\/\/wordpress.nibis.de\/gsesterw\/wp-json\/wp\/v2\/categories?post=1569"},{"taxonomy":"post_tag","embeddable":true,"href":"https:\/\/wordpress.nibis.de\/gsesterw\/wp-json\/wp\/v2\/tags?post=1569"}],"curies":[{"name":"wp","href":"https:\/\/api.w.org\/{rel}","templated":true}]}}