{"id":1820,"date":"2025-12-20T12:34:34","date_gmt":"2025-12-20T11:34:34","guid":{"rendered":"https:\/\/wordpress.nibis.de\/gsesterw\/?p=1820"},"modified":"2026-01-12T11:12:25","modified_gmt":"2026-01-12T10:12:25","slug":"jahresausklang-an-unserer-schule","status":"publish","type":"post","link":"https:\/\/wordpress.nibis.de\/gsesterw\/jahresausklang-an-unserer-schule\/","title":{"rendered":"Jahresausklang an unserer Schule"},"content":{"rendered":"<p>Die Schulgemeinschaft der Grundschule Esterwegen durfte in der Vorweihnachtszeit noch einige besondere H\u00f6hepunkte erleben:<\/p>\n<p>Nach jedem Adventssonntag versammelten sich die Sch\u00fclerinnen und Sch\u00fcler montags, um im Kerzenschein gemeinsam Weihnachtslieder zu singen.<\/p>\n<p>In der Nacht zum 8. Dezember brachte der Nikolaus jeder Klasse einen Sack mit Stutenkerlen, sodass die Kinder morgens beim Betreten des Klassenraumes von einem herrlichen Duft \u00fcberrascht wurden.<\/p>\n<p>Einige Klassen besuchten das Weihnachtskino in Papenburg. Die Zweitkl\u00e4ssler schauten den Film &#8222;Mission M\u00e4usejagd: Chaos unterm Weihnachtsbaum&#8220; und die Dritt- und Viertkl\u00e4ssler entschieden sich f\u00fcr &#8222;Zoomania 2&#8220;. Gemeinsam zum Kino zu fahren, war f\u00fcr die Kinder ein echtes Highlight.<\/p>\n<p>Am 17. Dezember veranstaltete der Sch\u00fclerrat eine Waffelbackaktion. Mit dem Erl\u00f6s sollen neue Spielger\u00e4te angeschafft werden.<\/p>\n<p>Ein weiterer stimmungsvoller Moment war die schulinterne Weihnachtsfeier, die am letzten Schultag in der Aula der Oberschule stattfand. Dort pr\u00e4sentierten die Sch\u00fclerinnen und Sch\u00fcler der Klassen 1-4 und des Schulkindergartens in festlicher Stimmung fr\u00f6hliche Lieder und T\u00e4nze sowie witzige Theaterst\u00fccke.<\/p>\n<p>Zum Ende dieses ereignisreichen Jahres m\u00f6chten wir uns bei allen Sch\u00fclerinnen und Sch\u00fclern, Eltern und Erziehungsberechtigten, Lehrkr\u00e4ften sowie Mitarbeitenden herzlich bedanken. Zusammen haben wir viele sch\u00f6ne Momente erlebt, Herausforderungen gemeistert und unsere Schulgemeinschaft gest\u00e4rkt.<\/p>\n<p><strong>Frohe Weihnachten und ein gl\u00fcckliches neues Jahr!<\/strong><a href=\"https:\/\/wordpress.nibis.de\/gsesterw\/files\/2026\/01\/Bildschirmfoto-2026-01-12-um-11.10.54.png\"><img loading=\"lazy\" decoding=\"async\" class=\"wpa-warning wpa-image-missing-alt aligncenter size-full wp-image-1952\" src=\"https:\/\/wordpress.nibis.de\/gsesterw\/files\/2026\/01\/Bildschirmfoto-2026-01-12-um-11.10.54.png\" alt=\"\" width=\"512\" height=\"462\" data-warning=\"Missing alt text\" srcset=\"https:\/\/wordpress.nibis.de\/gsesterw\/files\/2026\/01\/Bildschirmfoto-2026-01-12-um-11.10.54.png 512w, https:\/\/wordpress.nibis.de\/gsesterw\/files\/2026\/01\/Bildschirmfoto-2026-01-12-um-11.10.54-100x90.png 100w\" sizes=\"auto, (max-width: 512px) 100vw, 512px\" \/><\/a><\/p>\n","protected":false},"excerpt":{"rendered":"<p>Die Schulgemeinschaft der Grundschule Esterwegen durfte in der Vorweihnachtszeit noch einige besondere H\u00f6hepunkte erleben: Nach jedem Adventssonntag versammelten sich die Sch\u00fclerinnen und Sch\u00fcler montags, um im Kerzenschein gemeinsam Weihnachtslieder zu singen. In der Nacht zum 8. Dezember brachte der Nikolaus jeder Klasse einen Sack mit Stutenkerlen, sodass die Kinder morgens beim Betreten des Klassenraumes von &hellip; <a href=\"https:\/\/wordpress.nibis.de\/gsesterw\/jahresausklang-an-unserer-schule\/\" class=\"more-link\"><span class=\"screen-reader-text\">Jahresausklang an unserer Schule<\/span> weiterlesen <span class=\"meta-nav\">&rarr;<\/span><\/a><\/p>\n","protected":false},"author":9193300,"featured_media":0,"comment_status":"closed","ping_status":"closed","sticky":false,"template":"","format":"standard","meta":{"footnotes":""},"categories":[1],"tags":[],"class_list":["post-1820","post","type-post","status-publish","format-standard","hentry","category-galerie"],"_links":{"self":[{"href":"https:\/\/wordpress.nibis.de\/gsesterw\/wp-json\/wp\/v2\/posts\/1820","targetHints":{"allow":["GET"]}}],"collection":[{"href":"https:\/\/wordpress.nibis.de\/gsesterw\/wp-json\/wp\/v2\/posts"}],"about":[{"href":"https:\/\/wordpress.nibis.de\/gsesterw\/wp-json\/wp\/v2\/types\/post"}],"author":[{"embeddable":true,"href":"https:\/\/wordpress.nibis.de\/gsesterw\/wp-json\/wp\/v2\/users\/9193300"}],"replies":[{"embeddable":true,"href":"https:\/\/wordpress.nibis.de\/gsesterw\/wp-json\/wp\/v2\/comments?post=1820"}],"version-history":[{"count":13,"href":"https:\/\/wordpress.nibis.de\/gsesterw\/wp-json\/wp\/v2\/posts\/1820\/revisions"}],"predecessor-version":[{"id":1955,"href":"https:\/\/wordpress.nibis.de\/gsesterw\/wp-json\/wp\/v2\/posts\/1820\/revisions\/1955"}],"wp:attachment":[{"href":"https:\/\/wordpress.nibis.de\/gsesterw\/wp-json\/wp\/v2\/media?parent=1820"}],"wp:term":[{"taxonomy":"category","embeddable":true,"href":"https:\/\/wordpress.nibis.de\/gsesterw\/wp-json\/wp\/v2\/categories?post=1820"},{"taxonomy":"post_tag","embeddable":true,"href":"https:\/\/wordpress.nibis.de\/gsesterw\/wp-json\/wp\/v2\/tags?post=1820"}],"curies":[{"name":"wp","href":"https:\/\/api.w.org\/{rel}","templated":true}]}}