{"id":556,"date":"2020-09-29T17:03:53","date_gmt":"2020-09-29T15:03:53","guid":{"rendered":"https:\/\/wordpress.nibis.de\/gsesterw\/?p=556"},"modified":"2020-10-05T17:28:32","modified_gmt":"2020-10-05T15:28:32","slug":"gelbe-fuesse-fuer-den-sicheren-schulweg","status":"publish","type":"post","link":"https:\/\/wordpress.nibis.de\/gsesterw\/gelbe-fuesse-fuer-den-sicheren-schulweg\/","title":{"rendered":"Gelbe F\u00fc\u00dfe  f\u00fcr  den sicheren Schulweg"},"content":{"rendered":"<p>Heute, am, 29.09.2020, durften unsere Erstkl\u00e4ssler und der Schulkindergarten Herrn M\u00fc\u00dfing von der Polizei Papenburg an unserer Schule begr\u00fc\u00dfen. Mit dem Ziel, den Schulweg f\u00fcr Kinder sicherer zu machen, f\u00fchren wir regelm\u00e4\u00dfig die Aktion &#8222;Gelbe F\u00fc\u00dfe&#8220; durch. Hierbei werden auf dem Gehweg Kennzeichnungen in Form von kleinen F\u00fc\u00dfen in Schrittl\u00e4nge mit gelber Signalfarbe\u00a0 markiert. Diese &#8222;gelben F\u00fc\u00dfe&#8220; zeigen den Kindern einen Weg, auf welchem sie m\u00f6glichst sicher die Stra\u00dfe \u00fcberqueren k\u00f6nnen, um zur Schule bzw. nach Hause zu gelangen. Vor der Schule handelt es sich um die Stelle, die vor Schulbeginn und nach Schulschluss zus\u00e4tzlich durch Eltern und Sch\u00fclerlotsen gesichert wird. Am Bordstein haben die &#8222;gelben F\u00fc\u00dfe&#8220; geschlossene Stellung. Hier sollen die Sch\u00fcler und Sch\u00fclerinnen stehen bleiben und schauen, ob die Stra\u00dfe frei ist. Gemeinsam mit Herrn M\u00fc\u00dfing haben unsere Schulanf\u00e4nger zudem das \u00dcberqueren der Stra\u00dfe an der Fu\u00dfg\u00e4ngerampel ge\u00fcbt.<\/p>\n<p><a href=\"https:\/\/wordpress.nibis.de\/gsesterw\/files\/2020\/09\/20200929_092011-scaled.jpg\"><img loading=\"lazy\" decoding=\"async\" class=\"alignnone wp-image-557 \" src=\"https:\/\/wordpress.nibis.de\/gsesterw\/files\/2020\/09\/20200929_092011-scaled.jpg\" alt=\"\" width=\"234\" height=\"415\" \/><\/a><a href=\"https:\/\/wordpress.nibis.de\/gsesterw\/files\/2020\/09\/20200929_092037-scaled.jpg\"><img loading=\"lazy\" decoding=\"async\" class=\"alignnone wp-image-558 \" src=\"https:\/\/wordpress.nibis.de\/gsesterw\/files\/2020\/09\/20200929_092037-scaled.jpg\" alt=\"\" width=\"234\" height=\"415\" \/><\/a><\/p>\n<p><a href=\"https:\/\/wordpress.nibis.de\/gsesterw\/files\/2020\/09\/20200930_092555-scaled.jpg\"><img loading=\"lazy\" decoding=\"async\" class=\"alignnone  wp-image-561\" src=\"https:\/\/wordpress.nibis.de\/gsesterw\/files\/2020\/09\/20200930_092555-850x478.jpg\" alt=\"\" width=\"325\" height=\"183\" \/><\/a> <a href=\"https:\/\/wordpress.nibis.de\/gsesterw\/files\/2020\/09\/IMG-20200929-WA0006.jpg\"><img loading=\"lazy\" decoding=\"async\" class=\"alignnone wp-image-562 \" src=\"https:\/\/wordpress.nibis.de\/gsesterw\/files\/2020\/09\/IMG-20200929-WA0006-e1601911688721.jpg\" alt=\"\" width=\"327\" height=\"245\" \/><\/a><\/p>\n<p>Aufgrund der schlechten Wetterlage konnten noch nicht alle Markierungen erneuert werden. Dies wird jedoch in den n\u00e4chsten Tagen nachgeholt.<\/p>\n<p>Neben einigen Sicherheitshinweisen im Stra\u00dfenverkehr gab Herr M\u00fc\u00dfing den Kindern noch einen guten Rat mit auf dem Weg: Wem es m\u00f6glich ist, zu Fu\u00df oder mit dem Fahrrad zur Schule zu gelangen, sollte dies zusammen mit den Eltern \u00fcben &#8211; denn nur so pr\u00e4gt sich der Schulweg gut ein und wird sicher einge\u00fcbt.<\/p>\n<p>Wir bedanken uns recht herzlich bei Herrn M\u00fc\u00dfing f\u00fcr den aufregenden, interessanten und informativen Morgen! \ud83d\ude42<\/p>\n","protected":false},"excerpt":{"rendered":"<p>Heute, am, 29.09.2020, durften unsere Erstkl\u00e4ssler und der Schulkindergarten Herrn M\u00fc\u00dfing von der Polizei Papenburg an unserer Schule begr\u00fc\u00dfen. Mit dem Ziel, den Schulweg f\u00fcr Kinder sicherer zu machen, f\u00fchren wir regelm\u00e4\u00dfig die Aktion &#8222;Gelbe F\u00fc\u00dfe&#8220; durch. Hierbei werden auf dem Gehweg Kennzeichnungen in Form von kleinen F\u00fc\u00dfen in Schrittl\u00e4nge mit gelber Signalfarbe\u00a0 markiert. Diese &hellip; <a href=\"https:\/\/wordpress.nibis.de\/gsesterw\/gelbe-fuesse-fuer-den-sicheren-schulweg\/\" class=\"more-link\"><span class=\"screen-reader-text\">Gelbe F\u00fc\u00dfe  f\u00fcr  den sicheren Schulweg<\/span> weiterlesen <span class=\"meta-nav\">&rarr;<\/span><\/a><\/p>\n","protected":false},"author":9193300,"featured_media":0,"comment_status":"closed","ping_status":"closed","sticky":false,"template":"","format":"standard","meta":{"footnotes":""},"categories":[1],"tags":[],"class_list":["post-556","post","type-post","status-publish","format-standard","hentry","category-galerie"],"_links":{"self":[{"href":"https:\/\/wordpress.nibis.de\/gsesterw\/wp-json\/wp\/v2\/posts\/556","targetHints":{"allow":["GET"]}}],"collection":[{"href":"https:\/\/wordpress.nibis.de\/gsesterw\/wp-json\/wp\/v2\/posts"}],"about":[{"href":"https:\/\/wordpress.nibis.de\/gsesterw\/wp-json\/wp\/v2\/types\/post"}],"author":[{"embeddable":true,"href":"https:\/\/wordpress.nibis.de\/gsesterw\/wp-json\/wp\/v2\/users\/9193300"}],"replies":[{"embeddable":true,"href":"https:\/\/wordpress.nibis.de\/gsesterw\/wp-json\/wp\/v2\/comments?post=556"}],"version-history":[{"count":2,"href":"https:\/\/wordpress.nibis.de\/gsesterw\/wp-json\/wp\/v2\/posts\/556\/revisions"}],"predecessor-version":[{"id":564,"href":"https:\/\/wordpress.nibis.de\/gsesterw\/wp-json\/wp\/v2\/posts\/556\/revisions\/564"}],"wp:attachment":[{"href":"https:\/\/wordpress.nibis.de\/gsesterw\/wp-json\/wp\/v2\/media?parent=556"}],"wp:term":[{"taxonomy":"category","embeddable":true,"href":"https:\/\/wordpress.nibis.de\/gsesterw\/wp-json\/wp\/v2\/categories?post=556"},{"taxonomy":"post_tag","embeddable":true,"href":"https:\/\/wordpress.nibis.de\/gsesterw\/wp-json\/wp\/v2\/tags?post=556"}],"curies":[{"name":"wp","href":"https:\/\/api.w.org\/{rel}","templated":true}]}}