{"id":582,"date":"2020-11-03T13:16:57","date_gmt":"2020-11-03T12:16:57","guid":{"rendered":"https:\/\/wordpress.nibis.de\/gsesterw\/?p=582"},"modified":"2020-11-25T15:00:36","modified_gmt":"2020-11-25T14:00:36","slug":"aktion-gruene-meilen-2","status":"publish","type":"post","link":"https:\/\/wordpress.nibis.de\/gsesterw\/aktion-gruene-meilen-2\/","title":{"rendered":"Aktion &#8222;Gr\u00fcne Meilen&#8220;"},"content":{"rendered":"<p><a href=\"https:\/\/wordpress.nibis.de\/gsesterw\/files\/2020\/11\/Unbenannt1-e1606312655741.jpg\"><img loading=\"lazy\" decoding=\"async\" class=\"alignnone wp-image-617 size-full\" src=\"https:\/\/wordpress.nibis.de\/gsesterw\/files\/2020\/11\/Unbenannt1-e1606312752334.jpg\" alt=\"\" width=\"632\" height=\"433\" \/><\/a><\/p>\n<p>Vor den Herbstferien haben die Sch\u00fcler und Sch\u00fclerinnen aus den Jahrg\u00e4ngen 3 und 4 der Umwelt zuliebe &#8222;gr\u00fcne Meilen&#8220; gesammelt. Dies bedeutet, dass die Kinder eine Woche lang auf einen klimafreundlichen Schulweg und auf eine klimafreundliche Freizeitgestaltung geachtet haben. Statt mit dem Auto zur Schule gebracht zu werden, wurde auf das Fahrrad zur\u00fcckgegriffen oder der Weg zu Fu\u00df bew\u00e4ltigt. Neben dem klimafreundlichen Schulweg dokumentierten die Sch\u00fcler auch flei\u00dfig das Sparen von Energie und das Essen und Trinken klimafreundlicher Lebensmittel.<\/p>\n<p><span style=\"background-color: #b9d16f\"><strong>Insgesamt konnten die Kinder der Grundschule Esterwegen <em>1190<\/em> gr\u00fcne Meilen sammeln!<\/strong><\/span><\/p>\n<p><strong>\u00a0<\/strong> Damit die Klimaschutzaktivit\u00e4ten in der Politik Geh\u00f6r finden, wird das Ergebnis diese Woche an die UN-Klima-Konferenz geschickt.<\/p>\n","protected":false},"excerpt":{"rendered":"<p>Vor den Herbstferien haben die Sch\u00fcler und Sch\u00fclerinnen aus den Jahrg\u00e4ngen 3 und 4 der Umwelt zuliebe &#8222;gr\u00fcne Meilen&#8220; gesammelt. Dies bedeutet, dass die Kinder eine Woche lang auf einen klimafreundlichen Schulweg und auf eine klimafreundliche Freizeitgestaltung geachtet haben. Statt mit dem Auto zur Schule gebracht zu werden, wurde auf das Fahrrad zur\u00fcckgegriffen oder der &hellip; <a href=\"https:\/\/wordpress.nibis.de\/gsesterw\/aktion-gruene-meilen-2\/\" class=\"more-link\"><span class=\"screen-reader-text\">Aktion &#8222;Gr\u00fcne Meilen&#8220;<\/span> weiterlesen <span class=\"meta-nav\">&rarr;<\/span><\/a><\/p>\n","protected":false},"author":9193300,"featured_media":0,"comment_status":"closed","ping_status":"closed","sticky":false,"template":"","format":"standard","meta":{"footnotes":""},"categories":[1],"tags":[],"class_list":["post-582","post","type-post","status-publish","format-standard","hentry","category-galerie"],"_links":{"self":[{"href":"https:\/\/wordpress.nibis.de\/gsesterw\/wp-json\/wp\/v2\/posts\/582","targetHints":{"allow":["GET"]}}],"collection":[{"href":"https:\/\/wordpress.nibis.de\/gsesterw\/wp-json\/wp\/v2\/posts"}],"about":[{"href":"https:\/\/wordpress.nibis.de\/gsesterw\/wp-json\/wp\/v2\/types\/post"}],"author":[{"embeddable":true,"href":"https:\/\/wordpress.nibis.de\/gsesterw\/wp-json\/wp\/v2\/users\/9193300"}],"replies":[{"embeddable":true,"href":"https:\/\/wordpress.nibis.de\/gsesterw\/wp-json\/wp\/v2\/comments?post=582"}],"version-history":[{"count":3,"href":"https:\/\/wordpress.nibis.de\/gsesterw\/wp-json\/wp\/v2\/posts\/582\/revisions"}],"predecessor-version":[{"id":622,"href":"https:\/\/wordpress.nibis.de\/gsesterw\/wp-json\/wp\/v2\/posts\/582\/revisions\/622"}],"wp:attachment":[{"href":"https:\/\/wordpress.nibis.de\/gsesterw\/wp-json\/wp\/v2\/media?parent=582"}],"wp:term":[{"taxonomy":"category","embeddable":true,"href":"https:\/\/wordpress.nibis.de\/gsesterw\/wp-json\/wp\/v2\/categories?post=582"},{"taxonomy":"post_tag","embeddable":true,"href":"https:\/\/wordpress.nibis.de\/gsesterw\/wp-json\/wp\/v2\/tags?post=582"}],"curies":[{"name":"wp","href":"https:\/\/api.w.org\/{rel}","templated":true}]}}