{"id":607,"date":"2020-11-25T14:36:54","date_gmt":"2020-11-25T13:36:54","guid":{"rendered":"https:\/\/wordpress.nibis.de\/gsesterw\/?p=607"},"modified":"2020-11-25T14:37:24","modified_gmt":"2020-11-25T13:37:24","slug":"basteltag-2020","status":"publish","type":"post","link":"https:\/\/wordpress.nibis.de\/gsesterw\/basteltag-2020\/","title":{"rendered":"Basteltag 2020"},"content":{"rendered":"<p>Am vergangenen Freitag war es endlich wieder so weit &#8211; In der Grundschule Esterwegen stand der allj\u00e4hrliche Basteltag an.<\/p>\n<p>Am Vormittag wurde ausnahmsweise mal auf das allt\u00e4gliche Rechnen, Lesen und Schreiben verzichten, um bei weihnachtlicher Musik flei\u00dfig kleine Weihnachtsdekorationen f\u00fcr die Klassenr\u00e4ume zu basteln. Die Kinder verfielen in Weihnachtsstimmung und zeigten gro\u00dfe Freude beim Basteln und Malen.<\/p>\n<p>In diesem Jahr mussten wir aufgrund\u00a0 von Corona leider auf unsere stets engagierten und helfenden Eltern verzichten, sodass wir nicht nur auf die Unterst\u00fctzung\u00a0 bei den Bastelarbeiten, sondern auch auf s\u00e4mtliche selbst gebackene\u00a0 Waffeln, Pl\u00e4tzchen oder Muffins in den Pausen verzichten mussten. Dank unserer Eltern wurden viele Kinder\u00a0 trotzdem mit kleinen, corona-freundlich verpackten Leckereien ausgestattet, die in den Pausen freundschaftlich aufgeteilt wurden. So konnten die Kinder ein klein bisschen Weihnachten nicht nur h\u00f6ren und sehen, sondern auch schmecken.<\/p>\n<p>Da der landesweite Vorlesetag in diesem Jahr leider corona-bedingt entf\u00e4llt, wurde in einigen Klassen auch eine Geschichte vorgelesen.<\/p>\n<p>Die folgenden Bilder geben kleine Eindr\u00fccke vom Tag:<\/p>\n<p><a href=\"https:\/\/wordpress.nibis.de\/gsesterw\/files\/2020\/11\/20201120_085735-scaled.jpg\"><img loading=\"lazy\" decoding=\"async\" class=\"alignnone size-medium wp-image-608\" src=\"https:\/\/wordpress.nibis.de\/gsesterw\/files\/2020\/11\/20201120_085735-850x478.jpg\" alt=\"\" width=\"850\" height=\"478\" \/><\/a> <a href=\"https:\/\/wordpress.nibis.de\/gsesterw\/files\/2020\/11\/20201120_114222-scaled.jpg\"><img loading=\"lazy\" decoding=\"async\" class=\"alignnone wp-image-609 \" src=\"https:\/\/wordpress.nibis.de\/gsesterw\/files\/2020\/11\/20201120_114222-scaled.jpg\" alt=\"\" width=\"213\" height=\"378\" \/><\/a> \u00a0<a href=\"https:\/\/wordpress.nibis.de\/gsesterw\/files\/2020\/11\/Unbenannt.jpg\"><img loading=\"lazy\" decoding=\"async\" class=\"alignnone wp-image-612 \" src=\"https:\/\/wordpress.nibis.de\/gsesterw\/files\/2020\/11\/Unbenannt.jpg\" alt=\"\" width=\"236\" height=\"342\" \/><\/a><\/p>\n<p><a href=\"https:\/\/wordpress.nibis.de\/gsesterw\/files\/2020\/11\/Unbenannt-2.jpg\"><img loading=\"lazy\" decoding=\"async\" class=\"alignnone size-medium wp-image-611\" src=\"https:\/\/wordpress.nibis.de\/gsesterw\/files\/2020\/11\/Unbenannt-2-817x478.jpg\" alt=\"\" width=\"817\" height=\"478\" \/><\/a><\/p>\n","protected":false},"excerpt":{"rendered":"<p>Am vergangenen Freitag war es endlich wieder so weit &#8211; In der Grundschule Esterwegen stand der allj\u00e4hrliche Basteltag an. Am Vormittag wurde ausnahmsweise mal auf das allt\u00e4gliche Rechnen, Lesen und Schreiben verzichten, um bei weihnachtlicher Musik flei\u00dfig kleine Weihnachtsdekorationen f\u00fcr die Klassenr\u00e4ume zu basteln. Die Kinder verfielen in Weihnachtsstimmung und zeigten gro\u00dfe Freude beim Basteln &hellip; <a href=\"https:\/\/wordpress.nibis.de\/gsesterw\/basteltag-2020\/\" class=\"more-link\"><span class=\"screen-reader-text\">Basteltag 2020<\/span> weiterlesen <span class=\"meta-nav\">&rarr;<\/span><\/a><\/p>\n","protected":false},"author":9193300,"featured_media":0,"comment_status":"closed","ping_status":"closed","sticky":false,"template":"","format":"standard","meta":{"footnotes":""},"categories":[1],"tags":[],"class_list":["post-607","post","type-post","status-publish","format-standard","hentry","category-galerie"],"_links":{"self":[{"href":"https:\/\/wordpress.nibis.de\/gsesterw\/wp-json\/wp\/v2\/posts\/607","targetHints":{"allow":["GET"]}}],"collection":[{"href":"https:\/\/wordpress.nibis.de\/gsesterw\/wp-json\/wp\/v2\/posts"}],"about":[{"href":"https:\/\/wordpress.nibis.de\/gsesterw\/wp-json\/wp\/v2\/types\/post"}],"author":[{"embeddable":true,"href":"https:\/\/wordpress.nibis.de\/gsesterw\/wp-json\/wp\/v2\/users\/9193300"}],"replies":[{"embeddable":true,"href":"https:\/\/wordpress.nibis.de\/gsesterw\/wp-json\/wp\/v2\/comments?post=607"}],"version-history":[{"count":3,"href":"https:\/\/wordpress.nibis.de\/gsesterw\/wp-json\/wp\/v2\/posts\/607\/revisions"}],"predecessor-version":[{"id":615,"href":"https:\/\/wordpress.nibis.de\/gsesterw\/wp-json\/wp\/v2\/posts\/607\/revisions\/615"}],"wp:attachment":[{"href":"https:\/\/wordpress.nibis.de\/gsesterw\/wp-json\/wp\/v2\/media?parent=607"}],"wp:term":[{"taxonomy":"category","embeddable":true,"href":"https:\/\/wordpress.nibis.de\/gsesterw\/wp-json\/wp\/v2\/categories?post=607"},{"taxonomy":"post_tag","embeddable":true,"href":"https:\/\/wordpress.nibis.de\/gsesterw\/wp-json\/wp\/v2\/tags?post=607"}],"curies":[{"name":"wp","href":"https:\/\/api.w.org\/{rel}","templated":true}]}}