{"id":976,"date":"2021-09-07T14:20:14","date_gmt":"2021-09-07T12:20:14","guid":{"rendered":"https:\/\/wordpress.nibis.de\/gsesterw\/?p=976"},"modified":"2021-09-07T14:21:29","modified_gmt":"2021-09-07T12:21:29","slug":"wir-begruessen-unsere-erstklaessler-innen","status":"publish","type":"post","link":"https:\/\/wordpress.nibis.de\/gsesterw\/wir-begruessen-unsere-erstklaessler-innen\/","title":{"rendered":"Wir begr\u00fc\u00dfen unsere Erstkl\u00e4ssler\/innen :-)"},"content":{"rendered":"<p>Nachdem wir am Donnerstag, den 02.09.2021, in das neue Schuljahr gestartet waren, durften wir am Samstag, den 04.09.2021, auch endlich unsere neuen Erstkl\u00e4sser\/innen an der Grundschule begr\u00fc\u00dfen.<\/p>\n<p>Nach einer sch\u00f6nen Einschulungsfeier durften die Kinder ihren Klassenraum und ihre Klassenlehrerin kennenlernen.<\/p>\n<p>Wir freuen uns darauf, mit euch gemeinsam ein sch\u00f6nes erstes Schuljahr zu erleben! \ud83d\ude42<\/p>\n<p>Die folgenden Bilder zeigen die einzelnen Klassen und ihre Klassenleitungen:<\/p>\n<p><img loading=\"lazy\" decoding=\"async\" class=\"wp-image-984 size-full\" src=\"https:\/\/wordpress.nibis.de\/gsesterw\/files\/2021\/09\/Grundschule-Esterwegen_Esterwegen_Schulkindergarten-1-scaled.jpg\" alt=\"\" width=\"2560\" height=\"2160\" \/><br \/>\nSchulkindergarten (Frau Schmitz-B\u00fcter)<\/p>\n<figure style=\"width: 2560px\" class=\"wp-caption aligncenter\"><img loading=\"lazy\" decoding=\"async\" class=\"wp-image-981 size-full\" src=\"https:\/\/wordpress.nibis.de\/gsesterw\/files\/2021\/09\/Grundschule-Esterwegen_Esterwegen_1a-1-scaled.jpg\" alt=\"\" width=\"2560\" height=\"1633\" \/><figcaption class=\"wp-caption-text\">Klasse 1a (Frau Hanneken)<\/figcaption><\/figure>\n<figure style=\"width: 2560px\" class=\"wp-caption aligncenter\"><img loading=\"lazy\" decoding=\"async\" class=\"wp-image-982 size-full\" src=\"https:\/\/wordpress.nibis.de\/gsesterw\/files\/2021\/09\/Grundschule-Esterwegen_Esterwegen_1b-1-scaled.jpg\" alt=\"\" width=\"2560\" height=\"1641\" \/><figcaption class=\"wp-caption-text\">Klasse 1b (Frau Dabisch-Zimmermann)<\/figcaption><\/figure>\n<figure id=\"attachment_983\" aria-describedby=\"caption-attachment-983\" style=\"width: 2560px\" class=\"wp-caption aligncenter\"><img loading=\"lazy\" decoding=\"async\" class=\"wp-image-983 size-full\" src=\"https:\/\/wordpress.nibis.de\/gsesterw\/files\/2021\/09\/Grundschule-Esterwegen_Esterwegen_1c-1-scaled.jpg\" alt=\"\" width=\"2560\" height=\"1884\" \/><figcaption id=\"caption-attachment-983\" class=\"wp-caption-text\">Klasse 1c (Frau Harbers)<\/figcaption><\/figure>\n","protected":false},"excerpt":{"rendered":"<p>Nachdem wir am Donnerstag, den 02.09.2021, in das neue Schuljahr gestartet waren, durften wir am Samstag, den 04.09.2021, auch endlich unsere neuen Erstkl\u00e4sser\/innen an der Grundschule begr\u00fc\u00dfen. Nach einer sch\u00f6nen Einschulungsfeier durften die Kinder ihren Klassenraum und ihre Klassenlehrerin kennenlernen. Wir freuen uns darauf, mit euch gemeinsam ein sch\u00f6nes erstes Schuljahr zu erleben! \ud83d\ude42 Die &hellip; <a href=\"https:\/\/wordpress.nibis.de\/gsesterw\/wir-begruessen-unsere-erstklaessler-innen\/\" class=\"more-link\"><span class=\"screen-reader-text\">Wir begr\u00fc\u00dfen unsere Erstkl\u00e4ssler\/innen \ud83d\ude42<\/span> weiterlesen <span class=\"meta-nav\">&rarr;<\/span><\/a><\/p>\n","protected":false},"author":9193300,"featured_media":0,"comment_status":"closed","ping_status":"closed","sticky":false,"template":"","format":"standard","meta":{"footnotes":""},"categories":[1],"tags":[],"class_list":["post-976","post","type-post","status-publish","format-standard","hentry","category-galerie"],"_links":{"self":[{"href":"https:\/\/wordpress.nibis.de\/gsesterw\/wp-json\/wp\/v2\/posts\/976","targetHints":{"allow":["GET"]}}],"collection":[{"href":"https:\/\/wordpress.nibis.de\/gsesterw\/wp-json\/wp\/v2\/posts"}],"about":[{"href":"https:\/\/wordpress.nibis.de\/gsesterw\/wp-json\/wp\/v2\/types\/post"}],"author":[{"embeddable":true,"href":"https:\/\/wordpress.nibis.de\/gsesterw\/wp-json\/wp\/v2\/users\/9193300"}],"replies":[{"embeddable":true,"href":"https:\/\/wordpress.nibis.de\/gsesterw\/wp-json\/wp\/v2\/comments?post=976"}],"version-history":[{"count":3,"href":"https:\/\/wordpress.nibis.de\/gsesterw\/wp-json\/wp\/v2\/posts\/976\/revisions"}],"predecessor-version":[{"id":987,"href":"https:\/\/wordpress.nibis.de\/gsesterw\/wp-json\/wp\/v2\/posts\/976\/revisions\/987"}],"wp:attachment":[{"href":"https:\/\/wordpress.nibis.de\/gsesterw\/wp-json\/wp\/v2\/media?parent=976"}],"wp:term":[{"taxonomy":"category","embeddable":true,"href":"https:\/\/wordpress.nibis.de\/gsesterw\/wp-json\/wp\/v2\/categories?post=976"},{"taxonomy":"post_tag","embeddable":true,"href":"https:\/\/wordpress.nibis.de\/gsesterw\/wp-json\/wp\/v2\/tags?post=976"}],"curies":[{"name":"wp","href":"https:\/\/api.w.org\/{rel}","templated":true}]}}