{"id":3116,"date":"2022-11-12T17:14:17","date_gmt":"2022-11-12T16:14:17","guid":{"rendered":"https:\/\/wordpress.nibis.de\/gseversten\/?p=3116"},"modified":"2022-11-12T17:29:44","modified_gmt":"2022-11-12T16:29:44","slug":"the-world-on-tour","status":"publish","type":"post","link":"https:\/\/wordpress.nibis.de\/gseversten\/the-world-on-tour\/","title":{"rendered":"The World on Tour"},"content":{"rendered":"\n<p><img loading=\"lazy\" decoding=\"async\" class=\"alignleft size-thumbnail wp-image-2787\" src=\"https:\/\/wordpress.nibis.de\/gseversten\/files\/2022\/05\/IMG_3382-150x150.jpeg\" alt=\"\" width=\"150\" height=\"150\" \/><\/p>\n<p>Im Mai 2022 hat unsere Schule sich an der vom GEO initiierten Friedensaktion &#8222;The World on Tour&#8220; beteiligt.<\/p>\n<p>Alle Sch\u00fcler*innen konnten sich mit einem Daumenabdruck darauf verewigen und so ein Zeichen f\u00fcr den Frieden setzen. Die letzte Station war dann der Schlossgarten, wo der Globus der breiten \u00d6ffentlichkeit pr\u00e4sentiert werden soll.\u00a0<\/p>\n<p>Zu dieser Aktion, an der \u00a0 viele Oldenburger Schulen und Kindertagesst\u00e4tten beteiligt waren, gibt es einen Blog, der noch einmal ausf\u00fchrlich \u00fcber das Projekt und dessen Abschluss berichtigt.\u00a0<a href=\"https:\/\/sway.office.com\/N6dcjztCCpWAVMLz?ref=Link\" target=\"_blank\" rel=\"noopener\">Hier<\/a>\u00a0klicken \ud83d\ude42<img loading=\"lazy\" decoding=\"async\" class=\"alignleft size-thumbnail wp-image-2789\" src=\"https:\/\/wordpress.nibis.de\/gseversten\/files\/2022\/05\/IMG_3389-150x150.jpeg\" alt=\"\" width=\"150\" height=\"150\" \/> <img loading=\"lazy\" decoding=\"async\" class=\"size-thumbnail wp-image-2785 alignleft\" src=\"https:\/\/wordpress.nibis.de\/gseversten\/files\/2022\/05\/086A82F9-14FD-4E9F-9946-FEE8977C9817-150x150.jpeg\" alt=\"\" width=\"150\" height=\"150\" \/><\/p>\n<p>\u00a0<\/p>\n","protected":false},"excerpt":{"rendered":"<p>Im Mai 2022 hat unsere Schule sich an der vom GEO initiierten Friedensaktion &#8222;The World on Tour&#8220; beteiligt. Alle Sch\u00fcler*innen konnten sich mit einem Daumenabdruck darauf verewigen und so ein Zeichen f\u00fcr den Frieden setzen. Die letzte Station war dann &hellip; <a href=\"https:\/\/wordpress.nibis.de\/gseversten\/the-world-on-tour\/\">Weiterlesen <span class=\"meta-nav\">&rarr;<\/span><\/a><\/p>\n","protected":false},"author":9192723,"featured_media":0,"comment_status":"closed","ping_status":"closed","sticky":false,"template":"","format":"standard","meta":{"footnotes":""},"categories":[1],"tags":[],"class_list":["post-3116","post","type-post","status-publish","format-standard","hentry","category-allgemein"],"_links":{"self":[{"href":"https:\/\/wordpress.nibis.de\/gseversten\/wp-json\/wp\/v2\/posts\/3116","targetHints":{"allow":["GET"]}}],"collection":[{"href":"https:\/\/wordpress.nibis.de\/gseversten\/wp-json\/wp\/v2\/posts"}],"about":[{"href":"https:\/\/wordpress.nibis.de\/gseversten\/wp-json\/wp\/v2\/types\/post"}],"author":[{"embeddable":true,"href":"https:\/\/wordpress.nibis.de\/gseversten\/wp-json\/wp\/v2\/users\/9192723"}],"replies":[{"embeddable":true,"href":"https:\/\/wordpress.nibis.de\/gseversten\/wp-json\/wp\/v2\/comments?post=3116"}],"version-history":[{"count":2,"href":"https:\/\/wordpress.nibis.de\/gseversten\/wp-json\/wp\/v2\/posts\/3116\/revisions"}],"predecessor-version":[{"id":3126,"href":"https:\/\/wordpress.nibis.de\/gseversten\/wp-json\/wp\/v2\/posts\/3116\/revisions\/3126"}],"wp:attachment":[{"href":"https:\/\/wordpress.nibis.de\/gseversten\/wp-json\/wp\/v2\/media?parent=3116"}],"wp:term":[{"taxonomy":"category","embeddable":true,"href":"https:\/\/wordpress.nibis.de\/gseversten\/wp-json\/wp\/v2\/categories?post=3116"},{"taxonomy":"post_tag","embeddable":true,"href":"https:\/\/wordpress.nibis.de\/gseversten\/wp-json\/wp\/v2\/tags?post=3116"}],"curies":[{"name":"wp","href":"https:\/\/api.w.org\/{rel}","templated":true}]}}