{"id":2819,"date":"2020-04-25T10:48:48","date_gmt":"2020-04-25T08:48:48","guid":{"rendered":"https:\/\/wordpress.nibis.de\/gsfes\/?p=2819"},"modified":"2020-08-17T10:40:49","modified_gmt":"2020-08-17T08:40:49","slug":"es-geht-wieder-los","status":"publish","type":"post","link":"https:\/\/wordpress.nibis.de\/gsfes\/2020\/04\/es-geht-wieder-los\/","title":{"rendered":"Es geht wieder los!"},"content":{"rendered":"\n<p class=\"has-text-color has-background has-large-font-size has-very-light-gray-color has-vivid-red-background-color\">Liebe Eltern <strong>unserer <\/strong>Schule,<\/p>\n\n\n\n<p class=\"has-medium-font-size\">mit der geplanten Schul\u00f6ffnung zum 04. Mai gehen viele organisatorische \u00c4nderungen f\u00fcr den Ablauf  des Unterrichts einher.<\/p>\n\n\n\n<p class=\"has-text-color has-background has-medium-font-size has-very-light-gray-color has-vivid-red-background-color\"><strong><a href=\"https:\/\/wordpress.nibis.de\/gsfes\/bald-gehts-wieder-los\/\" target=\"_blank\" rel=\"noreferrer noopener\" aria-label=\"Bitte lesen Sie unbedingt dazu diese Informationen! (opens in a new tab)\">Bitte lesen Sie unbedingt dazu diese Informationen!<\/a><\/strong><\/p>\n\n\n\n<p>Ihr kollegiale Schulleitung der FES<\/p>\n","protected":false},"excerpt":{"rendered":"<p>Liebe Eltern unserer Schule, mit der geplanten Schul\u00f6ffnung zum 04. Mai gehen viele organisatorische \u00c4nderungen f\u00fcr den Ablauf des Unterrichts einher. Bitte lesen Sie unbedingt dazu diese Informationen! Ihr kollegiale Schulleitung der FES<\/p>\n","protected":false},"author":9192938,"featured_media":2170,"comment_status":"open","ping_status":"closed","sticky":false,"template":"","format":"standard","meta":{"footnotes":""},"categories":[1],"tags":[],"class_list":["post-2819","post","type-post","status-publish","format-standard","has-post-thumbnail","hentry","category-allgemein"],"_links":{"self":[{"href":"https:\/\/wordpress.nibis.de\/gsfes\/wp-json\/wp\/v2\/posts\/2819","targetHints":{"allow":["GET"]}}],"collection":[{"href":"https:\/\/wordpress.nibis.de\/gsfes\/wp-json\/wp\/v2\/posts"}],"about":[{"href":"https:\/\/wordpress.nibis.de\/gsfes\/wp-json\/wp\/v2\/types\/post"}],"author":[{"embeddable":true,"href":"https:\/\/wordpress.nibis.de\/gsfes\/wp-json\/wp\/v2\/users\/9192938"}],"replies":[{"embeddable":true,"href":"https:\/\/wordpress.nibis.de\/gsfes\/wp-json\/wp\/v2\/comments?post=2819"}],"version-history":[{"count":1,"href":"https:\/\/wordpress.nibis.de\/gsfes\/wp-json\/wp\/v2\/posts\/2819\/revisions"}],"predecessor-version":[{"id":2820,"href":"https:\/\/wordpress.nibis.de\/gsfes\/wp-json\/wp\/v2\/posts\/2819\/revisions\/2820"}],"wp:featuredmedia":[{"embeddable":true,"href":"https:\/\/wordpress.nibis.de\/gsfes\/wp-json\/wp\/v2\/media\/2170"}],"wp:attachment":[{"href":"https:\/\/wordpress.nibis.de\/gsfes\/wp-json\/wp\/v2\/media?parent=2819"}],"wp:term":[{"taxonomy":"category","embeddable":true,"href":"https:\/\/wordpress.nibis.de\/gsfes\/wp-json\/wp\/v2\/categories?post=2819"},{"taxonomy":"post_tag","embeddable":true,"href":"https:\/\/wordpress.nibis.de\/gsfes\/wp-json\/wp\/v2\/tags?post=2819"}],"curies":[{"name":"wp","href":"https:\/\/api.w.org\/{rel}","templated":true}]}}