{"id":8216,"date":"2026-04-13T14:48:25","date_gmt":"2026-04-13T12:48:25","guid":{"rendered":"https:\/\/wordpress.nibis.de\/gsfes\/?p=8216"},"modified":"2026-04-14T01:19:06","modified_gmt":"2026-04-13T23:19:06","slug":"anmeldung-zur-ferienbetreuung-fuer-die-osterferien-2026","status":"publish","type":"post","link":"https:\/\/wordpress.nibis.de\/gsfes\/2026\/04\/anmeldung-zur-ferienbetreuung-fuer-die-osterferien-2026\/","title":{"rendered":"Anmeldung zur Ferienbetreuung f\u00fcr die Sommerferien 2026"},"content":{"rendered":"\n<p class=\"has-global-color-9-background-color has-background\" style=\"font-size:1px\"><\/p>\n\n\n\n<p class=\"has-text-align-center tw-mb-0 tw-mt-0 has-accent-color has-text-color has-background has-link-color has-medium-font-size wp-elements-5dc925d54bc7bb4a2010d7f5b868323d\" style=\"background:linear-gradient(135deg,rgb(255,245,203) 0%,rgb(182,227,212) 89%,rgb(51,167,181) 100%)\"><strong>Ab sofort k\u00f6nnen Sie sich \u00fcber die Ferienbetreuung w\u00e4hrend der Sommerferien 2026 <a href=\"https:\/\/cloudfiles.fes-badenstedt.de\/s\/cFYQH7KDosicmzo\">informieren<\/a> und <a href=\"https:\/\/cloudfiles.fes-badenstedt.de\/s\/zi4E8BmLoGxjYXW\">anmelden<\/a>.<\/strong><\/p>\n\n\n\n<p class=\"has-global-color-9-background-color has-background\" style=\"font-size:1px\"><\/p>\n\n\n<div class=\"wp-block-image wp-duotone-unset-1\">\n<figure class=\"aligncenter size-full is-resized\"><img loading=\"lazy\" decoding=\"async\" width=\"786\" height=\"822\" src=\"https:\/\/wordpress.nibis.de\/gsfes\/files\/2026\/01\/image-1.png\" alt=\"\" class=\"wp-image-8614\" style=\"aspect-ratio:0.9562035470564754;width:270px;height:auto\" srcset=\"https:\/\/wordpress.nibis.de\/gsfes\/files\/2026\/01\/image-1.png 786w, https:\/\/wordpress.nibis.de\/gsfes\/files\/2026\/01\/image-1-768x803.png 768w, https:\/\/wordpress.nibis.de\/gsfes\/files\/2026\/01\/image-1-100x105.png 100w\" sizes=\"auto, (max-width: 786px) 100vw, 786px\" \/><\/figure>\n<\/div>\n\n\n<p class=\"has-global-color-9-background-color has-background\" style=\"font-size:1px\"><\/p>\n\n\n\n<p class=\"has-text-align-center tw-mb-0 tw-mt-0 has-accent-color has-text-color has-background has-link-color has-medium-font-size wp-elements-7b4bb07e9effc2375140ec4766ddb349\" style=\"background:linear-gradient(135deg,rgb(255,245,203) 0%,rgb(182,227,212) 87%,rgb(51,167,181) 100%)\"><strong>Sie finden das Anmeldeformular auch <a href=\"https:\/\/cloudfiles.fes-badenstedt.de\/s\/zi4E8BmLoGxjYXW\">hier<\/a>.<\/strong><\/p>\n\n\n\n<p class=\"has-global-color-9-background-color has-background\" style=\"font-size:1px\"><\/p>\n","protected":false},"excerpt":{"rendered":"<p>Ab sofort k\u00f6nnen Sie sich \u00fcber die Ferienbetreuung w\u00e4hrend der Sommerferien 2026 informieren und anmelden. Sie finden das Anmeldeformular auch hier.<\/p>\n","protected":false},"author":9192938,"featured_media":0,"comment_status":"closed","ping_status":"closed","sticky":true,"template":"","format":"quote","meta":{"footnotes":""},"categories":[64,42],"tags":[],"class_list":["post-8216","post","type-post","status-publish","format-quote","hentry","category-betreuung","category-offener-ganztag","post_format-post-format-quote"],"_links":{"self":[{"href":"https:\/\/wordpress.nibis.de\/gsfes\/wp-json\/wp\/v2\/posts\/8216","targetHints":{"allow":["GET"]}}],"collection":[{"href":"https:\/\/wordpress.nibis.de\/gsfes\/wp-json\/wp\/v2\/posts"}],"about":[{"href":"https:\/\/wordpress.nibis.de\/gsfes\/wp-json\/wp\/v2\/types\/post"}],"author":[{"embeddable":true,"href":"https:\/\/wordpress.nibis.de\/gsfes\/wp-json\/wp\/v2\/users\/9192938"}],"replies":[{"embeddable":true,"href":"https:\/\/wordpress.nibis.de\/gsfes\/wp-json\/wp\/v2\/comments?post=8216"}],"version-history":[{"count":16,"href":"https:\/\/wordpress.nibis.de\/gsfes\/wp-json\/wp\/v2\/posts\/8216\/revisions"}],"predecessor-version":[{"id":8635,"href":"https:\/\/wordpress.nibis.de\/gsfes\/wp-json\/wp\/v2\/posts\/8216\/revisions\/8635"}],"wp:attachment":[{"href":"https:\/\/wordpress.nibis.de\/gsfes\/wp-json\/wp\/v2\/media?parent=8216"}],"wp:term":[{"taxonomy":"category","embeddable":true,"href":"https:\/\/wordpress.nibis.de\/gsfes\/wp-json\/wp\/v2\/categories?post=8216"},{"taxonomy":"post_tag","embeddable":true,"href":"https:\/\/wordpress.nibis.de\/gsfes\/wp-json\/wp\/v2\/tags?post=8216"}],"curies":[{"name":"wp","href":"https:\/\/api.w.org\/{rel}","templated":true}]}}