{"id":3624,"date":"2021-10-06T13:49:10","date_gmt":"2021-10-06T11:49:10","guid":{"rendered":"https:\/\/wordpress.nibis.de\/gsfinken\/?p=3624"},"modified":"2021-10-06T13:49:10","modified_gmt":"2021-10-06T11:49:10","slug":"alle-eltern-koennen-mitwirken-in-schulvorstand-gesamtkonferenz-oder-fachkonferenzen","status":"publish","type":"post","link":"https:\/\/wordpress.nibis.de\/gsfinken\/alle-eltern-koennen-mitwirken-in-schulvorstand-gesamtkonferenz-oder-fachkonferenzen\/","title":{"rendered":"Alle Eltern k\u00f6nnen mitwirken in Schulvorstand, Gesamtkonferenz oder Fachkonferenzen"},"content":{"rendered":"<p>Sehr geehrte Damen und Herren, alle zwei Jahre w\u00e4hlt der Schulelternrat Ihre Vertreter in den Schulvorstand, die Gesamtkonferenz und die Fachkonferenzen. In diesen Gremien k\u00f6nnen Eltern die Bildungsarbeit der Schule mit elterlichem und beruflichem Sachverstand konstruktiv begleiten, die Qualit\u00e4tsentwicklung der Schule voranbringen und f\u00fcr Anregungen sorgen. Nach den Bestimmungen des Schulgesetzes sind f\u00fcr den Schulvorstand, die Gesamtkonferenz und die Fachkonferenzen alle Erziehungsberechtigten w\u00e4hlbar. Das Wahlgremium ist der Schulelternrat. Ihre Fragen zur Arbeit dieser Gremien oder dem zeitlichen Aufwand beantworten wir gerne! (Siehe auch: <a href=\"http:\/\/www.ker-wtm.de\/eltern-organisation\" target=\"_blank\" rel=\"noopener\">www.ker-wtm.de\/eltern-organisation<\/a>) Wir bitten alle interessierten Eltern, ihre Kandidatur bis zum 08. Oktober 2021 schriftlich (per E-Mail) bei Jan Herrmann anzumelden. Sie werden dann zur Wahl-Sitzung des Schulelternrats eingeladen. Diese Sitzung wird am 12.10.2021 um 19 Uhr, stattfinden.<\/p>\n<p>&nbsp;<\/p>\n","protected":false},"excerpt":{"rendered":"<p>Sehr geehrte Damen und Herren, alle zwei Jahre w\u00e4hlt der Schulelternrat Ihre Vertreter in den Schulvorstand, die Gesamtkonferenz und die Fachkonferenzen. In diesen Gremien k\u00f6nnen Eltern die Bildungsarbeit der Schule mit elterlichem und beruflichem Sachverstand konstruktiv begleiten, die Qualit\u00e4tsentwicklung der &hellip; <a href=\"https:\/\/wordpress.nibis.de\/gsfinken\/alle-eltern-koennen-mitwirken-in-schulvorstand-gesamtkonferenz-oder-fachkonferenzen\/\">Weiterlesen <span class=\"meta-nav\">&rarr;<\/span><\/a><\/p>\n","protected":false},"author":393,"featured_media":0,"comment_status":"closed","ping_status":"closed","sticky":false,"template":"","format":"standard","meta":{"footnotes":""},"categories":[1],"tags":[],"class_list":["post-3624","post","type-post","status-publish","format-standard","hentry","category-leitbild"],"_links":{"self":[{"href":"https:\/\/wordpress.nibis.de\/gsfinken\/wp-json\/wp\/v2\/posts\/3624","targetHints":{"allow":["GET"]}}],"collection":[{"href":"https:\/\/wordpress.nibis.de\/gsfinken\/wp-json\/wp\/v2\/posts"}],"about":[{"href":"https:\/\/wordpress.nibis.de\/gsfinken\/wp-json\/wp\/v2\/types\/post"}],"author":[{"embeddable":true,"href":"https:\/\/wordpress.nibis.de\/gsfinken\/wp-json\/wp\/v2\/users\/393"}],"replies":[{"embeddable":true,"href":"https:\/\/wordpress.nibis.de\/gsfinken\/wp-json\/wp\/v2\/comments?post=3624"}],"version-history":[{"count":2,"href":"https:\/\/wordpress.nibis.de\/gsfinken\/wp-json\/wp\/v2\/posts\/3624\/revisions"}],"predecessor-version":[{"id":3626,"href":"https:\/\/wordpress.nibis.de\/gsfinken\/wp-json\/wp\/v2\/posts\/3624\/revisions\/3626"}],"wp:attachment":[{"href":"https:\/\/wordpress.nibis.de\/gsfinken\/wp-json\/wp\/v2\/media?parent=3624"}],"wp:term":[{"taxonomy":"category","embeddable":true,"href":"https:\/\/wordpress.nibis.de\/gsfinken\/wp-json\/wp\/v2\/categories?post=3624"},{"taxonomy":"post_tag","embeddable":true,"href":"https:\/\/wordpress.nibis.de\/gsfinken\/wp-json\/wp\/v2\/tags?post=3624"}],"curies":[{"name":"wp","href":"https:\/\/api.w.org\/{rel}","templated":true}]}}