{"id":3750,"date":"2022-03-02T15:19:37","date_gmt":"2022-03-02T14:19:37","guid":{"rendered":"https:\/\/wordpress.nibis.de\/gsfinken\/?p=3750"},"modified":"2022-03-02T15:19:37","modified_gmt":"2022-03-02T14:19:37","slug":"tag-der-mehrsprachigkeit","status":"publish","type":"post","link":"https:\/\/wordpress.nibis.de\/gsfinken\/tag-der-mehrsprachigkeit\/","title":{"rendered":"Tag der Mehrsprachigkeit"},"content":{"rendered":"<p>Der Tag der Mehrsprachigkeit wurde Ende Februar in der Klasse 2c und der Klasse 4a der Finkenburgschule gefeiert. Die Kinder hatten die &#8222;Hausaufgabe&#8220;, etwas von zu Hause mitzubringen, das stellvertretend f\u00fcr ihr Heimatland oder ihre Heimatregion sein sollte. Die Ergebnisse waren sehr abwechslungsreich und machten den Kindern und ihrer Lehrerin Wiebke Sch\u00f6nbohm-Wilke sehr viel Spa\u00df. Von der syrischen Flagge \u00fcber irakische Kekse bis hin zu Schinken aus dem Schwabenland und einem plattdeutschen Gedicht war alles dabei. Die Kinder lernten dabei ganz nebenbei auch den Reichtum der Sprachenvielfalt ihrer Mitsch\u00fclerinnen und Mitsch\u00fcler kennen. Die Klasse 4a ist allerdings auch besonders international. Hier wird neben deutsch auch polnisch, russisch, t\u00fcrkisch, kurdisch, persisch, ungarisch und englisch gesprochen. Au\u00dferdem wurden sich die deutschen Kinder \u00fcber ihre Heimatdialekte wie bayrisch, schw\u00e4bisch hessisch und s\u00e4chsisch bewusst. Nach der Pr\u00e4sentation der verschiedenen Mitbringsel konnten die Kinder noch in den mehrsprachigen B\u00fcchern schm\u00f6kern, die die Schule im Rahmen des Pilotprojekts \u201eOstfriesischer B\u00fccherkoffer\u201c seit einem halben Jahr in der Klasse 2c im w\u00f6chentlichen Wechsel in die Familien reicht. Die hellblauen Koffer enthalten 16 mehrsprachige Kinderb\u00fccher. Eine Sprache in den B\u00fcchern ist immer deutsch, die zweite Sprache variiert. Die Klasse 4a, die an diesem Projekt normalerweise nicht teilnimmt, freute sich sehr \u00fcber die mehrsprachigen Geschichten. (sw)<\/p>\n<p><img loading=\"lazy\" decoding=\"async\" class=\"alignnone size-medium wp-image-3751\" src=\"https:\/\/wordpress.nibis.de\/gsfinken\/files\/20220223_1114141-300x300.jpg\" alt=\"\" width=\"300\" height=\"300\" \/><\/p>\n","protected":false},"excerpt":{"rendered":"<p>Der Tag der Mehrsprachigkeit wurde Ende Februar in der Klasse 2c und der Klasse 4a der Finkenburgschule gefeiert. Die Kinder hatten die &#8222;Hausaufgabe&#8220;, etwas von zu Hause mitzubringen, das stellvertretend f\u00fcr ihr Heimatland oder ihre Heimatregion sein sollte. Die Ergebnisse &hellip; <a href=\"https:\/\/wordpress.nibis.de\/gsfinken\/tag-der-mehrsprachigkeit\/\">Weiterlesen <span class=\"meta-nav\">&rarr;<\/span><\/a><\/p>\n","protected":false},"author":393,"featured_media":0,"comment_status":"closed","ping_status":"closed","sticky":false,"template":"","format":"standard","meta":{"footnotes":""},"categories":[1],"tags":[],"class_list":["post-3750","post","type-post","status-publish","format-standard","hentry","category-leitbild"],"_links":{"self":[{"href":"https:\/\/wordpress.nibis.de\/gsfinken\/wp-json\/wp\/v2\/posts\/3750","targetHints":{"allow":["GET"]}}],"collection":[{"href":"https:\/\/wordpress.nibis.de\/gsfinken\/wp-json\/wp\/v2\/posts"}],"about":[{"href":"https:\/\/wordpress.nibis.de\/gsfinken\/wp-json\/wp\/v2\/types\/post"}],"author":[{"embeddable":true,"href":"https:\/\/wordpress.nibis.de\/gsfinken\/wp-json\/wp\/v2\/users\/393"}],"replies":[{"embeddable":true,"href":"https:\/\/wordpress.nibis.de\/gsfinken\/wp-json\/wp\/v2\/comments?post=3750"}],"version-history":[{"count":1,"href":"https:\/\/wordpress.nibis.de\/gsfinken\/wp-json\/wp\/v2\/posts\/3750\/revisions"}],"predecessor-version":[{"id":3752,"href":"https:\/\/wordpress.nibis.de\/gsfinken\/wp-json\/wp\/v2\/posts\/3750\/revisions\/3752"}],"wp:attachment":[{"href":"https:\/\/wordpress.nibis.de\/gsfinken\/wp-json\/wp\/v2\/media?parent=3750"}],"wp:term":[{"taxonomy":"category","embeddable":true,"href":"https:\/\/wordpress.nibis.de\/gsfinken\/wp-json\/wp\/v2\/categories?post=3750"},{"taxonomy":"post_tag","embeddable":true,"href":"https:\/\/wordpress.nibis.de\/gsfinken\/wp-json\/wp\/v2\/tags?post=3750"}],"curies":[{"name":"wp","href":"https:\/\/api.w.org\/{rel}","templated":true}]}}