{"id":3861,"date":"2022-06-28T07:13:47","date_gmt":"2022-06-28T05:13:47","guid":{"rendered":"https:\/\/wordpress.nibis.de\/gsfinken\/?p=3861"},"modified":"2022-06-28T07:14:02","modified_gmt":"2022-06-28T05:14:02","slug":"buntes-sportfest-der-foerderschule-an-der-lessingsstrasse-und-der-finkenburgschule","status":"publish","type":"post","link":"https:\/\/wordpress.nibis.de\/gsfinken\/buntes-sportfest-der-foerderschule-an-der-lessingsstrasse-und-der-finkenburgschule\/","title":{"rendered":"Buntes Sportfest der F\u00f6rderschule an der Lessingstra\u00dfe und der Finkenburgschule"},"content":{"rendered":"<p>Die vielf\u00e4ltige offizielle Einweihung des frisch renovierten Stadions liegt nun eine Woche zur\u00fcck und die Menschen in der Nachbarschaft haben sich heute vermutlich verwundert die Augen und Ohren gerieben, als sie das bunte Treiben nebenan wahrnahmen. Die Erinnerung an den Film \u201eUnd t\u00e4glich gr\u00fc\u00dft das Murmeltier\u201c w\u00e4hrte sicherlich nur kurz:<\/p>\n<p>Die F\u00f6rderschule an der Lessingstra\u00dfe und die Finkenburgschule haben in einer gemeinsamen Arbeitsgruppe \u00fcber Monate ein gemeinsames Sportfest anl\u00e4sslich des Stadionneubaus kreativ geplant und akribisch vorbereitet. Im Austausch mit allen anderen Beteiligten wurde schnell klar, dass der enge Zeitplan des Festwochenendes f\u00fcr die Durchf\u00fchrung ein sehr beschr\u00e4nkender Faktor sein w\u00fcrde. Deshalb wurde die Veranstaltung auf den 17.06.22 verlegt und somit die Stadioneinweihung \u00fcber das Festwochenende hinaus verl\u00e4ngert.<\/p>\n<p>An insgesamt 23 bunten Stationen wurden die Geschicklichkeit, Koordinationsf\u00e4higkeit und die eigene K\u00f6rperwahrnehmung gef\u00f6rdert. Dabei halfen zahlreiche Eltern von Kindern beider Schulen sowie vier Trainerinnen und Trainer des MTV.<\/p>\n<p>\u201eUns war von Beginn an wichtig, dass der gemeinsame Spa\u00df am Sport und am Erlebnis mit anderen Kindern im Vordergrund stehen sollte und nicht die sportliche Leistungsf\u00e4higkeit eines jeden Kindes\u201c, erkl\u00e4rte Armin Feldmann, der Schulleiter der F\u00f6rderschule.<\/p>\n<p>\u201eGerade der Sportunterricht hat durch den Einschr\u00e4nkungen der Corona-Pandemie erheblich gelitten: Lange Zeit war das Sporttreiben im Klassenverband erheblich erschwert oder musste im Homeschooling sogar g\u00e4nzlich entfallen. Wir wollen die Kinder hier auf vielf\u00e4ltige Weise anregen, die Freude an der Bewegung zu sp\u00fcren.\u201c, erg\u00e4nzte Sebastian Schneemelcher, Schulleiter der Finkenburgschule.<\/p>\n<p>F\u00fcr beide Schulen stellt das gemeinsame Sportfest auch den Beginn einer neuen Zusammenarbeit dar. Jahrzehntelang fanden Kontakte der Schulen zueinander (die in unmittelbarer Nachbarschaft zueinander liegen) nur sporadisch statt, was auch in der unterschiedlichen Tr\u00e4gerschaft der Schulen in der Hand des Landkreises bzw. der Stadt Wittmund begr\u00fcndet lag. Beiden Schulleitern ist diese Zusammenarbeit jedoch ein echtes Anliegen, um Synergieeffekte zu nutzen, voneinander zu lernen und Inklusion wirklich zu leben. Ein weiteres \u201eProjekt\u201c der Schulen ist die gemeinsame Ausbildung einer Lehramtsanw\u00e4rterin an beiden Schulen. Weitere werden bald folgen\u2026<\/p>\n<p><img loading=\"lazy\" decoding=\"async\" class=\"alignnone size-medium wp-image-3862\" src=\"https:\/\/wordpress.nibis.de\/gsfinken\/files\/3-300x225.jpg\" alt=\"\" width=\"300\" height=\"225\" srcset=\"https:\/\/wordpress.nibis.de\/gsfinken\/files\/3-300x225.jpg 300w, https:\/\/wordpress.nibis.de\/gsfinken\/files\/3.jpg 320w\" sizes=\"auto, (max-width: 300px) 100vw, 300px\" \/><\/p>\n<p>&nbsp;<\/p>\n","protected":false},"excerpt":{"rendered":"<p>Die vielf\u00e4ltige offizielle Einweihung des frisch renovierten Stadions liegt nun eine Woche zur\u00fcck und die Menschen in der Nachbarschaft haben sich heute vermutlich verwundert die Augen und Ohren gerieben, als sie das bunte Treiben nebenan wahrnahmen. Die Erinnerung an den &hellip; <a href=\"https:\/\/wordpress.nibis.de\/gsfinken\/buntes-sportfest-der-foerderschule-an-der-lessingsstrasse-und-der-finkenburgschule\/\">Weiterlesen <span class=\"meta-nav\">&rarr;<\/span><\/a><\/p>\n","protected":false},"author":393,"featured_media":0,"comment_status":"closed","ping_status":"closed","sticky":false,"template":"","format":"standard","meta":{"footnotes":""},"categories":[1],"tags":[],"class_list":["post-3861","post","type-post","status-publish","format-standard","hentry","category-leitbild"],"_links":{"self":[{"href":"https:\/\/wordpress.nibis.de\/gsfinken\/wp-json\/wp\/v2\/posts\/3861","targetHints":{"allow":["GET"]}}],"collection":[{"href":"https:\/\/wordpress.nibis.de\/gsfinken\/wp-json\/wp\/v2\/posts"}],"about":[{"href":"https:\/\/wordpress.nibis.de\/gsfinken\/wp-json\/wp\/v2\/types\/post"}],"author":[{"embeddable":true,"href":"https:\/\/wordpress.nibis.de\/gsfinken\/wp-json\/wp\/v2\/users\/393"}],"replies":[{"embeddable":true,"href":"https:\/\/wordpress.nibis.de\/gsfinken\/wp-json\/wp\/v2\/comments?post=3861"}],"version-history":[{"count":2,"href":"https:\/\/wordpress.nibis.de\/gsfinken\/wp-json\/wp\/v2\/posts\/3861\/revisions"}],"predecessor-version":[{"id":3864,"href":"https:\/\/wordpress.nibis.de\/gsfinken\/wp-json\/wp\/v2\/posts\/3861\/revisions\/3864"}],"wp:attachment":[{"href":"https:\/\/wordpress.nibis.de\/gsfinken\/wp-json\/wp\/v2\/media?parent=3861"}],"wp:term":[{"taxonomy":"category","embeddable":true,"href":"https:\/\/wordpress.nibis.de\/gsfinken\/wp-json\/wp\/v2\/categories?post=3861"},{"taxonomy":"post_tag","embeddable":true,"href":"https:\/\/wordpress.nibis.de\/gsfinken\/wp-json\/wp\/v2\/tags?post=3861"}],"curies":[{"name":"wp","href":"https:\/\/api.w.org\/{rel}","templated":true}]}}