{"id":3923,"date":"2022-11-16T12:21:43","date_gmt":"2022-11-16T11:21:43","guid":{"rendered":"https:\/\/wordpress.nibis.de\/gsfinken\/?p=3923"},"modified":"2022-11-17T08:43:19","modified_gmt":"2022-11-17T07:43:19","slug":"ostfriesischer-buecherkoffer","status":"publish","type":"post","link":"https:\/\/wordpress.nibis.de\/gsfinken\/ostfriesischer-buecherkoffer\/","title":{"rendered":"Ostfriesischer B\u00fccherkoffer"},"content":{"rendered":"<p>Am 9.11.22 trafen sich Eltern und Sch\u00fcler der Klasse 2d mit Frau Petzold vom &#8222;Ostfriesischen B\u00fccherkoffer &#8222;.<br \/>\nDie Koffer wurden inspiziert und es wurden kleine Texte auf Arabisch, Kurdisch, Polnisch, Russisch, Deutsch vorgelesen. Die Eltern und die Sch\u00fclerinnen und Sch\u00fcler lie\u00dfen die Anwesenden ihre jeweilige Familiensprache h\u00f6ren.<br \/>\nDie Sch\u00fclerinnen und Sch\u00fcler waren sehr motiviert und sind gespannt darauf, mit ihren Eltern zuhause die vielsprachigen B\u00fccher zu lesen.<\/p>\n<p><img loading=\"lazy\" decoding=\"async\" class=\"alignnone size-medium wp-image-3926\" src=\"https:\/\/wordpress.nibis.de\/gsfinken\/files\/20221109_173221-300x292.jpg\" alt=\"\" width=\"300\" height=\"292\" srcset=\"https:\/\/wordpress.nibis.de\/gsfinken\/files\/20221109_173221-300x292.jpg 300w, https:\/\/wordpress.nibis.de\/gsfinken\/files\/20221109_173221-617x600.jpg 617w, https:\/\/wordpress.nibis.de\/gsfinken\/files\/20221109_173221-768x746.jpg 768w, https:\/\/wordpress.nibis.de\/gsfinken\/files\/20221109_173221-1536x1493.jpg 1536w, https:\/\/wordpress.nibis.de\/gsfinken\/files\/20221109_173221-2048x1991.jpg 2048w\" sizes=\"auto, (max-width: 300px) 100vw, 300px\" \/><\/p>\n<p>&nbsp;<\/p>\n","protected":false},"excerpt":{"rendered":"<p>Am 9.11.22 trafen sich Eltern und Sch\u00fcler der Klasse 2d mit Frau Petzold vom &#8222;Ostfriesischen B\u00fccherkoffer &#8222;. Die Koffer wurden inspiziert und es wurden kleine Texte auf Arabisch, Kurdisch, Polnisch, Russisch, Deutsch vorgelesen. Die Eltern und die Sch\u00fclerinnen und Sch\u00fcler &hellip; <a href=\"https:\/\/wordpress.nibis.de\/gsfinken\/ostfriesischer-buecherkoffer\/\">Weiterlesen <span class=\"meta-nav\">&rarr;<\/span><\/a><\/p>\n","protected":false},"author":393,"featured_media":0,"comment_status":"closed","ping_status":"closed","sticky":false,"template":"","format":"standard","meta":{"footnotes":""},"categories":[1],"tags":[],"class_list":["post-3923","post","type-post","status-publish","format-standard","hentry","category-leitbild"],"_links":{"self":[{"href":"https:\/\/wordpress.nibis.de\/gsfinken\/wp-json\/wp\/v2\/posts\/3923","targetHints":{"allow":["GET"]}}],"collection":[{"href":"https:\/\/wordpress.nibis.de\/gsfinken\/wp-json\/wp\/v2\/posts"}],"about":[{"href":"https:\/\/wordpress.nibis.de\/gsfinken\/wp-json\/wp\/v2\/types\/post"}],"author":[{"embeddable":true,"href":"https:\/\/wordpress.nibis.de\/gsfinken\/wp-json\/wp\/v2\/users\/393"}],"replies":[{"embeddable":true,"href":"https:\/\/wordpress.nibis.de\/gsfinken\/wp-json\/wp\/v2\/comments?post=3923"}],"version-history":[{"count":2,"href":"https:\/\/wordpress.nibis.de\/gsfinken\/wp-json\/wp\/v2\/posts\/3923\/revisions"}],"predecessor-version":[{"id":3927,"href":"https:\/\/wordpress.nibis.de\/gsfinken\/wp-json\/wp\/v2\/posts\/3923\/revisions\/3927"}],"wp:attachment":[{"href":"https:\/\/wordpress.nibis.de\/gsfinken\/wp-json\/wp\/v2\/media?parent=3923"}],"wp:term":[{"taxonomy":"category","embeddable":true,"href":"https:\/\/wordpress.nibis.de\/gsfinken\/wp-json\/wp\/v2\/categories?post=3923"},{"taxonomy":"post_tag","embeddable":true,"href":"https:\/\/wordpress.nibis.de\/gsfinken\/wp-json\/wp\/v2\/tags?post=3923"}],"curies":[{"name":"wp","href":"https:\/\/api.w.org\/{rel}","templated":true}]}}