{"id":3950,"date":"2023-01-11T12:22:15","date_gmt":"2023-01-11T11:22:15","guid":{"rendered":"https:\/\/wordpress.nibis.de\/gsfinken\/?p=3950"},"modified":"2023-01-11T12:22:15","modified_gmt":"2023-01-11T11:22:15","slug":"konzept-bewegter-pausenhof-ueberzeugt-allianz-fuer-die-jugend-e-v-foerdert-spielgeraete-an-der-finkenburgschule","status":"publish","type":"post","link":"https:\/\/wordpress.nibis.de\/gsfinken\/konzept-bewegter-pausenhof-ueberzeugt-allianz-fuer-die-jugend-e-v-foerdert-spielgeraete-an-der-finkenburgschule\/","title":{"rendered":"Konzept &#8222;Bewegter Pausenhof&#8220; \u00fcberzeugt  Allianz f\u00fcr die Jugend e.V. f\u00f6rdert Spielger\u00e4te an der Finkenburgschule"},"content":{"rendered":"<p>Wer zu Pausenzeiten entlang der Lessingstra\u00dfe oder Am Brink entlangschlendert, wird es schnell bemerken: neue B\u00e4lle, Springseile, Balancierspiele und Fahrger\u00e4te kommen jetzt auf den beiden Schulh\u00f6fen der Finkenburgschule zum Einsatz. Welche Spielger\u00e4te das sind, haben die Kinder der Sch\u00fclervertretung selbst bestimmt. Unterst\u00fctzt von ihrer SV-Lehrerin Daje Riekena und der Schulsozialarbeiterin Tatjana F\u00e4hnders \u00fcbernehmen die Kinder auch die Organisation einer Ausleihe in den Schulpausen und die Pflege der Ger\u00e4te weitgehend selbst. Schulleiter Sebastian Schneemelcher betont: \u201eDurch die Neuanschaffungen haben unsere 420 Sch\u00fclerinnen und Sch\u00fcler eine motivierende M\u00f6glichkeit ihre Pausen mit viel Bewegung zu verbringen. Gleichzeitig f\u00f6rdern wir spielerisch die Motorik.\u201c<\/p>\n<p>&nbsp;<\/p>\n<p>Schulsozialarbeiterin Tatjana F\u00e4hnders hebt erg\u00e4nzend hervor: \u201eWir erm\u00f6glichen gerade Kindern, die zuhause nur \u00fcber eine beschr\u00e4nkte Auswahl an Spielger\u00e4ten verf\u00fcgen, durch dieses Angebot gesellschaftliche Teilhabe. Diese Kinder machen einen zunehmend gro\u00dfen Anteil der Sch\u00fclerinnen und Sch\u00fcler aus. Dieser hat sich durch die vielen neuen Zug\u00e4nge von Gefl\u00fcchteten an unserer Schule weiter erh\u00f6ht.\u201c<\/p>\n<p>&nbsp;<\/p>\n<p>Die Projektidee \u201eBewegter Pausenhof\u201c entstand w\u00e4hrend einer gemeinsamen Aktion verschiedener Klassen mit Matthias Herrmann von der gleichnamigen Allianz Vertretung im Fr\u00fchjahr: Gemeinsam wurden zahlreiche Apfelb\u00e4ume auf den Schulh\u00f6fen und beim Naturschutzhof im Wittmunder Wald gepflanzt. Die positiven Erlebnisse an der Schule und die sichtbare Notwendigkeit motivierten Matthias Herrmann einen entsprechenden F\u00f6rdervorschlag beim Verein Allianz f\u00fcr die Jugend e.V. einzureichen.<\/p>\n<p>&nbsp;<\/p>\n<p>Der gemeinn\u00fctzige Verein \u201eAllianz f\u00fcr die Jugend e.V.\u201c f\u00f6rdert konkrete Projekte, die benachteiligten Kindern und Jugendlichen zu Gute kommt. Im Fokus der F\u00f6rderung stehen Projekte zu den Themen Inklusion, Integration oder sonstige Benachteiligung. Ziel des Vereins ist es, Kindern und Jugendlichen bis 18 Jahren eine st\u00e4rkere Teilhabe zu erm\u00f6glichen. Hierbei arbeitet der Verein ausschlie\u00dflich mit staatlichen, kirchlichen oder freien Tr\u00e4gern (z.B. Jugendhilfe oder des Sports) zusammen. Die F\u00f6rdermittel stammen aus Spenden von Besch\u00e4ftigten der Allianz Gesellschaften und des Unternehmens. Die Vorschl\u00e4ge f\u00fcr eine Projektf\u00f6rderung werden durch die Mitarbeiter und Mitarbeiterinnen an den Verein herangetragen, die direkt vor Ort auf die Bed\u00fcrfnisse der Kinder und Jugendlichen aufmerksam werden.<\/p>\n<p>&nbsp;<\/p>\n<p><a href=\"https:\/\/wordpress.nibis.de\/gsfinken\/files\/Sonntagsblatt-01.01.23-Bericht-Finkenburgschule.pdf\">Sonntagsblatt 01.01.23 Bericht Finkenburgschule<\/a><\/p>\n<p>&nbsp;<\/p>\n<p>&nbsp;<\/p>\n","protected":false},"excerpt":{"rendered":"<p>Wer zu Pausenzeiten entlang der Lessingstra\u00dfe oder Am Brink entlangschlendert, wird es schnell bemerken: neue B\u00e4lle, Springseile, Balancierspiele und Fahrger\u00e4te kommen jetzt auf den beiden Schulh\u00f6fen der Finkenburgschule zum Einsatz. Welche Spielger\u00e4te das sind, haben die Kinder der Sch\u00fclervertretung selbst &hellip; <a href=\"https:\/\/wordpress.nibis.de\/gsfinken\/konzept-bewegter-pausenhof-ueberzeugt-allianz-fuer-die-jugend-e-v-foerdert-spielgeraete-an-der-finkenburgschule\/\">Weiterlesen <span class=\"meta-nav\">&rarr;<\/span><\/a><\/p>\n","protected":false},"author":393,"featured_media":0,"comment_status":"closed","ping_status":"closed","sticky":false,"template":"","format":"standard","meta":{"footnotes":""},"categories":[1],"tags":[],"class_list":["post-3950","post","type-post","status-publish","format-standard","hentry","category-leitbild"],"_links":{"self":[{"href":"https:\/\/wordpress.nibis.de\/gsfinken\/wp-json\/wp\/v2\/posts\/3950","targetHints":{"allow":["GET"]}}],"collection":[{"href":"https:\/\/wordpress.nibis.de\/gsfinken\/wp-json\/wp\/v2\/posts"}],"about":[{"href":"https:\/\/wordpress.nibis.de\/gsfinken\/wp-json\/wp\/v2\/types\/post"}],"author":[{"embeddable":true,"href":"https:\/\/wordpress.nibis.de\/gsfinken\/wp-json\/wp\/v2\/users\/393"}],"replies":[{"embeddable":true,"href":"https:\/\/wordpress.nibis.de\/gsfinken\/wp-json\/wp\/v2\/comments?post=3950"}],"version-history":[{"count":1,"href":"https:\/\/wordpress.nibis.de\/gsfinken\/wp-json\/wp\/v2\/posts\/3950\/revisions"}],"predecessor-version":[{"id":3951,"href":"https:\/\/wordpress.nibis.de\/gsfinken\/wp-json\/wp\/v2\/posts\/3950\/revisions\/3951"}],"wp:attachment":[{"href":"https:\/\/wordpress.nibis.de\/gsfinken\/wp-json\/wp\/v2\/media?parent=3950"}],"wp:term":[{"taxonomy":"category","embeddable":true,"href":"https:\/\/wordpress.nibis.de\/gsfinken\/wp-json\/wp\/v2\/categories?post=3950"},{"taxonomy":"post_tag","embeddable":true,"href":"https:\/\/wordpress.nibis.de\/gsfinken\/wp-json\/wp\/v2\/tags?post=3950"}],"curies":[{"name":"wp","href":"https:\/\/api.w.org\/{rel}","templated":true}]}}