{"id":3975,"date":"2023-03-09T09:52:36","date_gmt":"2023-03-09T08:52:36","guid":{"rendered":"https:\/\/wordpress.nibis.de\/gsfinken\/?p=3975"},"modified":"2023-03-09T09:52:36","modified_gmt":"2023-03-09T08:52:36","slug":"die-suche-nach-bild-nr-7","status":"publish","type":"post","link":"https:\/\/wordpress.nibis.de\/gsfinken\/die-suche-nach-bild-nr-7\/","title":{"rendered":"Die Suche nach Bild Nr. 7"},"content":{"rendered":"<p>Am 8. M\u00e4rz besuchte die Klasse 4c die aktuelle Ausstellung des Ostfriesischen Kunstkreises e.V., in der die K\u00fcnstlerinnen Ilse Ebsen und Heidi Hurtzig einen Einblick in ihre Schaffenswege gaben.<br \/>\nDie Sch\u00fcler*innen waren begeistert und konnten bei den naturalistischen Darstellungen kaum glauben, dass es sich um gemalte Bilder handelte.<br \/>\nAngelina und Thalea beschrieben sie folgenderma\u00dfen: &#8222;Sie sind wie fotografiert.&#8220;<br \/>\nLorena freute sich, denn nun h\u00e4tte sie wieder Lust, zuhause mehr zu malen. Maxim erkundigte sich nach dem 7. Bild. Ihm fiel auf:&#8220;Ich habe mir alle Bilder genau angeschaut, aber ich bin mir sicher, die 7 fehlt!&#8220; Er hatte fast Recht, denn dieses Werk hing separat aufgrund seiner besonderen Farbigkeit. Franziska gefiel eben dieses besonders gut wegen der vielen Blaut\u00f6ne. Viele Kinder fanden es besonders spannend, welche Geschichten sich in den Bildern versteckten. &#8222;Man merkt, wie viel M\u00fche sich die Malerinnen gemacht haben und wie viel Phantasie in den Bildern ist.&#8220; Pria hat in der Schule ein Werk aus der Erinnerung heraus nachgemalt. &#8222;Es steht f\u00fcr Hoffnung und etwas Trauriges loslassen. Der Engel nimmt einem die Last ab.&#8220;<\/p>\n<p><img loading=\"lazy\" decoding=\"async\" class=\"alignnone size-medium wp-image-3976\" src=\"https:\/\/wordpress.nibis.de\/gsfinken\/files\/20230308_104553-237x300.jpg\" alt=\"\" width=\"237\" height=\"300\" \/><\/p>\n","protected":false},"excerpt":{"rendered":"<p>Am 8. M\u00e4rz besuchte die Klasse 4c die aktuelle Ausstellung des Ostfriesischen Kunstkreises e.V., in der die K\u00fcnstlerinnen Ilse Ebsen und Heidi Hurtzig einen Einblick in ihre Schaffenswege gaben. Die Sch\u00fcler*innen waren begeistert und konnten bei den naturalistischen Darstellungen kaum &hellip; <a href=\"https:\/\/wordpress.nibis.de\/gsfinken\/die-suche-nach-bild-nr-7\/\">Weiterlesen <span class=\"meta-nav\">&rarr;<\/span><\/a><\/p>\n","protected":false},"author":393,"featured_media":0,"comment_status":"closed","ping_status":"closed","sticky":false,"template":"","format":"standard","meta":{"footnotes":""},"categories":[1],"tags":[],"class_list":["post-3975","post","type-post","status-publish","format-standard","hentry","category-leitbild"],"_links":{"self":[{"href":"https:\/\/wordpress.nibis.de\/gsfinken\/wp-json\/wp\/v2\/posts\/3975","targetHints":{"allow":["GET"]}}],"collection":[{"href":"https:\/\/wordpress.nibis.de\/gsfinken\/wp-json\/wp\/v2\/posts"}],"about":[{"href":"https:\/\/wordpress.nibis.de\/gsfinken\/wp-json\/wp\/v2\/types\/post"}],"author":[{"embeddable":true,"href":"https:\/\/wordpress.nibis.de\/gsfinken\/wp-json\/wp\/v2\/users\/393"}],"replies":[{"embeddable":true,"href":"https:\/\/wordpress.nibis.de\/gsfinken\/wp-json\/wp\/v2\/comments?post=3975"}],"version-history":[{"count":1,"href":"https:\/\/wordpress.nibis.de\/gsfinken\/wp-json\/wp\/v2\/posts\/3975\/revisions"}],"predecessor-version":[{"id":3977,"href":"https:\/\/wordpress.nibis.de\/gsfinken\/wp-json\/wp\/v2\/posts\/3975\/revisions\/3977"}],"wp:attachment":[{"href":"https:\/\/wordpress.nibis.de\/gsfinken\/wp-json\/wp\/v2\/media?parent=3975"}],"wp:term":[{"taxonomy":"category","embeddable":true,"href":"https:\/\/wordpress.nibis.de\/gsfinken\/wp-json\/wp\/v2\/categories?post=3975"},{"taxonomy":"post_tag","embeddable":true,"href":"https:\/\/wordpress.nibis.de\/gsfinken\/wp-json\/wp\/v2\/tags?post=3975"}],"curies":[{"name":"wp","href":"https:\/\/api.w.org\/{rel}","templated":true}]}}